{"id":12117,"date":"2023-07-02T10:24:59","date_gmt":"2023-07-02T08:24:59","guid":{"rendered":"https:\/\/fdp-aktiv.de\/blog\/?p=12117"},"modified":"2023-07-02T10:24:59","modified_gmt":"2023-07-02T08:24:59","slug":"baden-wuerttemberg-scheerer-jugendticket-bw-in-das-deutschlandticket-ueberfuehren","status":"publish","type":"post","link":"https:\/\/fdp-aktiv.de\/blog\/2023\/07\/02\/baden-wuerttemberg-scheerer-jugendticket-bw-in-das-deutschlandticket-ueberfuehren\/","title":{"rendered":"Baden-W\u00fcrttemberg &#8211; Scheerer: Jugendticket BW in das Deutschlandticket \u00fcberf\u00fchren"},"content":{"rendered":"<p>Deutlich attraktiveres Angebot<\/p>\n<p>&nbsp;<\/p>\n<p>Zu den Antworten der Landesregierung auf seinen Antrag \u201eLandesweites Jugendticket Baden-W\u00fcrttemberg und Deutschlandticket\u201c (Drucksache 17\/4781) sagte der Sprecher f\u00fcr den \u00d6PNV der FDP\/DVP-Fraktion im Landtag von Baden-W\u00fcrttemberg, <strong>Hans Dieter Scheerer<\/strong>:<\/p>\n<p>&nbsp;<\/p>\n<p>\u201eNach dem Paukenschlag, mit dem Verkehrsminister Hermann CiCoBW (Check-in-Check-out) vorgestellt hat, ist nun ein weiterer Schritt erforderlich. Minister Hermann sollte \u00fcber seinen Schatten springen und die Gr\u00f6\u00dfe besitzen, das JugendticketBW in das Deutschlandticket zu \u00fcberf\u00fchren. Aus der Stellungnahme zu meinem Antrag ergibt sich, dass bisher lediglich vier Prozent Neukunden sich f\u00fcr das Jugendticket entschieden haben. Zwar wird mit weiterer Nachfrage gerechnet, dennoch w\u00e4re eine \u00dcberleitung in das Deutschland-Ticket ein zus\u00e4tzlicher Attraktivit\u00e4tsschub, den es zu nutzen gilt. Das hat der Minister vermutlich schon erkannt, denn in der Antwort auf meinen Beschlussteil im bereits genannten Antrag schreibt er mir, dass aktuell mit den Kommunalen Landesverb\u00e4nden und den Verb\u00fcnden die Einf\u00fchrung eines rabattierten 49-Euro-Tickets f\u00fcr junge Menschen gepr\u00fcft wird. Hier kann er die bisher f\u00fcr das Jugendticket verwendeten 100 Mio. Euro pro Jahr sinnvoller investieren als bisher.\u201c<\/p>\n","protected":false},"excerpt":{"rendered":"<p>Deutlich attraktiveres Angebot &nbsp; Zu den Antworten der Landesregierung auf seinen Antrag \u201eLandesweites Jugendticket Baden-W\u00fcrttemberg und Deutschlandticket\u201c (Drucksache 17\/4781) sagte der Sprecher f\u00fcr den \u00d6PNV der FDP\/DVP-Fraktion im Landtag von [&#8230;]<\/p>\n","protected":false},"author":1,"featured_media":4401,"comment_status":"open","ping_status":"closed","sticky":false,"template":"","format":"standard","meta":{"footnotes":""},"categories":[144],"tags":[2891,650,864,3645],"class_list":["post-12117","post","type-post","status-publish","format-standard","has-post-thumbnail","hentry","category-verkehr-innenpolitik","tag-deutschlandticket","tag-fdp-dvp","tag-hans-dieter-scheerer","tag-jugendticket-bw"],"_links":{"self":[{"href":"https:\/\/fdp-aktiv.de\/blog\/wp-json\/wp\/v2\/posts\/12117","targetHints":{"allow":["GET"]}}],"collection":[{"href":"https:\/\/fdp-aktiv.de\/blog\/wp-json\/wp\/v2\/posts"}],"about":[{"href":"https:\/\/fdp-aktiv.de\/blog\/wp-json\/wp\/v2\/types\/post"}],"author":[{"embeddable":true,"href":"https:\/\/fdp-aktiv.de\/blog\/wp-json\/wp\/v2\/users\/1"}],"replies":[{"embeddable":true,"href":"https:\/\/fdp-aktiv.de\/blog\/wp-json\/wp\/v2\/comments?post=12117"}],"version-history":[{"count":1,"href":"https:\/\/fdp-aktiv.de\/blog\/wp-json\/wp\/v2\/posts\/12117\/revisions"}],"predecessor-version":[{"id":12123,"href":"https:\/\/fdp-aktiv.de\/blog\/wp-json\/wp\/v2\/posts\/12117\/revisions\/12123"}],"wp:featuredmedia":[{"embeddable":true,"href":"https:\/\/fdp-aktiv.de\/blog\/wp-json\/wp\/v2\/media\/4401"}],"wp:attachment":[{"href":"https:\/\/fdp-aktiv.de\/blog\/wp-json\/wp\/v2\/media?parent=12117"}],"wp:term":[{"taxonomy":"category","embeddable":true,"href":"https:\/\/fdp-aktiv.de\/blog\/wp-json\/wp\/v2\/categories?post=12117"},{"taxonomy":"post_tag","embeddable":true,"href":"https:\/\/fdp-aktiv.de\/blog\/wp-json\/wp\/v2\/tags?post=12117"}],"curies":[{"name":"wp","href":"https:\/\/api.w.org\/{rel}","templated":true}]}}