{"id":12231,"date":"2023-07-07T09:02:22","date_gmt":"2023-07-07T07:02:22","guid":{"rendered":"https:\/\/fdp-aktiv.de\/blog\/?p=12231"},"modified":"2023-07-07T09:12:51","modified_gmt":"2023-07-07T07:12:51","slug":"duerr-hasselmann-droege-muetzenich-erklaerung-der-vorsitzenden-der-koalitionsfraktionen-zum-geg","status":"publish","type":"post","link":"https:\/\/fdp-aktiv.de\/blog\/2023\/07\/07\/duerr-hasselmann-droege-muetzenich-erklaerung-der-vorsitzenden-der-koalitionsfraktionen-zum-geg\/","title":{"rendered":"D\u00dcRR\/HASSELMANN\/DR\u00d6GE\/M\u00dcTZENICH: Erkl\u00e4rung der Vorsitzenden der Koalitionsfraktionen zum GEG"},"content":{"rendered":"<div class=\"clearfix text-formatted field field--name-body field--type-text-with-summary field--label-hidden field__item\">\n<p>Christian D\u00fcrr, Fraktionsvorsitzender der FDP-Fraktion, Britta Ha\u00dfelmann und Katharina Dr\u00f6ge, Fraktionsvorsitzende der B\u00fcndnis 90\/Die Gr\u00fcnen Bundestagsfraktion und Rolf M\u00fctzenich, Fraktionsvorsitzender der SPD-Bundestagsfraktion, erkl\u00e4ren:<\/p>\n<p>\u201eWir haben Respekt vor der Entscheidung des Bundesverfassungsgerichts und haben heute Morgen gemeinsam beraten. Die Koalitionsfraktionen werden noch heute f\u00fcr die n\u00e4chste regul\u00e4re Sitzungswoche Anfang September beantragen, die 2.\/3. Lesung des Geb\u00e4udeenergiegesetztes auf die Tagesordnung des Bundestages zu setzen. Wir, die Koalitionsfraktionen, haben gemeinsam vereinbart, dass wir dem Bericht und der Beschlussempfehlung des Ausschusses f\u00fcr Klimaschutz und Energie in der in dieser Woche beschlossenen Form zustimmen werden.\u201c<\/p>\n<\/div>\n","protected":false},"excerpt":{"rendered":"<p>Christian D\u00fcrr, Fraktionsvorsitzender der FDP-Fraktion, Britta Ha\u00dfelmann und Katharina Dr\u00f6ge, Fraktionsvorsitzende der B\u00fcndnis 90\/Die Gr\u00fcnen Bundestagsfraktion und Rolf M\u00fctzenich, Fraktionsvorsitzender der SPD-Bundestagsfraktion, erkl\u00e4ren: \u201eWir haben Respekt vor der Entscheidung des [&#8230;]<\/p>\n","protected":false},"author":1,"featured_media":4296,"comment_status":"open","ping_status":"closed","sticky":false,"template":"","format":"standard","meta":{"footnotes":""},"categories":[1979,207],"tags":[234,90,2688,3374,3415],"class_list":["post-12231","post","type-post","status-publish","format-standard","has-post-thumbnail","hentry","category-energie","category-familie-wohnen","tag-bundesverfassungsgericht","tag-christian-duerr","tag-fdp-bundestag","tag-gebaeudeenergiegesetz","tag-geg"],"_links":{"self":[{"href":"https:\/\/fdp-aktiv.de\/blog\/wp-json\/wp\/v2\/posts\/12231","targetHints":{"allow":["GET"]}}],"collection":[{"href":"https:\/\/fdp-aktiv.de\/blog\/wp-json\/wp\/v2\/posts"}],"about":[{"href":"https:\/\/fdp-aktiv.de\/blog\/wp-json\/wp\/v2\/types\/post"}],"author":[{"embeddable":true,"href":"https:\/\/fdp-aktiv.de\/blog\/wp-json\/wp\/v2\/users\/1"}],"replies":[{"embeddable":true,"href":"https:\/\/fdp-aktiv.de\/blog\/wp-json\/wp\/v2\/comments?post=12231"}],"version-history":[{"count":1,"href":"https:\/\/fdp-aktiv.de\/blog\/wp-json\/wp\/v2\/posts\/12231\/revisions"}],"predecessor-version":[{"id":12244,"href":"https:\/\/fdp-aktiv.de\/blog\/wp-json\/wp\/v2\/posts\/12231\/revisions\/12244"}],"wp:featuredmedia":[{"embeddable":true,"href":"https:\/\/fdp-aktiv.de\/blog\/wp-json\/wp\/v2\/media\/4296"}],"wp:attachment":[{"href":"https:\/\/fdp-aktiv.de\/blog\/wp-json\/wp\/v2\/media?parent=12231"}],"wp:term":[{"taxonomy":"category","embeddable":true,"href":"https:\/\/fdp-aktiv.de\/blog\/wp-json\/wp\/v2\/categories?post=12231"},{"taxonomy":"post_tag","embeddable":true,"href":"https:\/\/fdp-aktiv.de\/blog\/wp-json\/wp\/v2\/tags?post=12231"}],"curies":[{"name":"wp","href":"https:\/\/api.w.org\/{rel}","templated":true}]}}