{"id":12287,"date":"2023-07-10T20:01:15","date_gmt":"2023-07-10T18:01:15","guid":{"rendered":"https:\/\/fdp-aktiv.de\/blog\/?p=12287"},"modified":"2023-07-10T20:01:15","modified_gmt":"2023-07-10T18:01:15","slug":"hessen-dr-naas-abschaffung-des-ehegattensplittings-waere-steuererhoehung-durch-die-hintertuer","status":"publish","type":"post","link":"https:\/\/fdp-aktiv.de\/blog\/2023\/07\/10\/hessen-dr-naas-abschaffung-des-ehegattensplittings-waere-steuererhoehung-durch-die-hintertuer\/","title":{"rendered":"Hessen &#8211; DR. NAAS: Abschaffung des Ehegattensplittings w\u00e4re Steuererh\u00f6hung durch die Hintert\u00fcr"},"content":{"rendered":"<p>Dr. Stefan NAAS, Spitzenkandidat der FDP Hessen zur Landtagswahl, kritisiert entschieden den Vorsto\u00df des SPD-Vorsitzenden Lars Klingbeil, das Ehegattensplitting f\u00fcr neue Ehen abschaffen zu wollen, und die Offenheit der Gr\u00fcnen-Vorsitzenden Ricarda Lang f\u00fcr diesen Vorschlag. \u201eDas ist nach dem Vorschlag von Familienministerin Paus zum Elterngeld binnen k\u00fcrzester Zeit der zweite Anschlag auf den Geldbeutel unserer Familien. Dieser Vorschlag zeigt deutlich, wohin die Reise ohne Freie Demokraten in der Regierung gehen w\u00fcrde. Ich bin daher froh, dass der Bundesfinanzminister diesem Vorschlag unverz\u00fcglich eine klare Absage erteilt hat. Unsere Familien und Steuerzahler sind nicht die Melkkuh f\u00fcr rot-gr\u00fcne politische Ideologien.&#8221;, sagte Dr. NAAS.<\/p>\n<p>\u201eIn einer Ehe \u00fcbernehmen Ehepartner an Stelle des Staates Verantwortung f\u00fcreinander.\u00a0SPD und Gr\u00fcne scheinen dies zu verkennen. Dieser Versuch, das Ehegattensplitting abzuschaffen, w\u00e4re eine gigantische Mehrbelastung f\u00fcr Familien aus der Mitte der Gesellschaft.\u201c so der liberale Spitzenkandidat weiter.<\/p>\n<p>Die Freien Demokraten st\u00fcnden fest an der Seite der hessischen Familien und tr\u00e4ten entschieden gegen jedwede Steuererh\u00f6hungen ein. &#8220;Dass der SPD-Vorsitzende behauptet, der Staat w\u00fcrde durch diesen Vorschlag `Geld sparen\u00b4 ist blanker Hohn f\u00fcr jeden Steuerzahler. Der Staat spart durch Steuererh\u00f6hungen kein Geld, er zieht es seinen B\u00fcrgern aus der Tasche. Der Staat muss mit dem vorhandenen Geld besser haushalten. Daf\u00fcr sind wir Freie Demokraten auf allen Ebenen der Garant.\u201c, betont Dr. NAAS.<\/p>\n","protected":false},"excerpt":{"rendered":"<p>Dr. Stefan NAAS, Spitzenkandidat der FDP Hessen zur Landtagswahl, kritisiert entschieden den Vorsto\u00df des SPD-Vorsitzenden Lars Klingbeil, das Ehegattensplitting f\u00fcr neue Ehen abschaffen zu wollen, und die Offenheit der Gr\u00fcnen-Vorsitzenden [&#8230;]<\/p>\n","protected":false},"author":1,"featured_media":11567,"comment_status":"open","ping_status":"closed","sticky":false,"template":"","format":"standard","meta":{"footnotes":""},"categories":[55],"tags":[1302,3681,635,3680],"class_list":["post-12287","post","type-post","status-publish","format-standard","has-post-thumbnail","hentry","category-finanzen","tag-dr-stefan-naas","tag-ehegattensplitting","tag-fdp-hessen","tag-steuergattenspitting"],"_links":{"self":[{"href":"https:\/\/fdp-aktiv.de\/blog\/wp-json\/wp\/v2\/posts\/12287","targetHints":{"allow":["GET"]}}],"collection":[{"href":"https:\/\/fdp-aktiv.de\/blog\/wp-json\/wp\/v2\/posts"}],"about":[{"href":"https:\/\/fdp-aktiv.de\/blog\/wp-json\/wp\/v2\/types\/post"}],"author":[{"embeddable":true,"href":"https:\/\/fdp-aktiv.de\/blog\/wp-json\/wp\/v2\/users\/1"}],"replies":[{"embeddable":true,"href":"https:\/\/fdp-aktiv.de\/blog\/wp-json\/wp\/v2\/comments?post=12287"}],"version-history":[{"count":1,"href":"https:\/\/fdp-aktiv.de\/blog\/wp-json\/wp\/v2\/posts\/12287\/revisions"}],"predecessor-version":[{"id":12288,"href":"https:\/\/fdp-aktiv.de\/blog\/wp-json\/wp\/v2\/posts\/12287\/revisions\/12288"}],"wp:featuredmedia":[{"embeddable":true,"href":"https:\/\/fdp-aktiv.de\/blog\/wp-json\/wp\/v2\/media\/11567"}],"wp:attachment":[{"href":"https:\/\/fdp-aktiv.de\/blog\/wp-json\/wp\/v2\/media?parent=12287"}],"wp:term":[{"taxonomy":"category","embeddable":true,"href":"https:\/\/fdp-aktiv.de\/blog\/wp-json\/wp\/v2\/categories?post=12287"},{"taxonomy":"post_tag","embeddable":true,"href":"https:\/\/fdp-aktiv.de\/blog\/wp-json\/wp\/v2\/tags?post=12287"}],"curies":[{"name":"wp","href":"https:\/\/api.w.org\/{rel}","templated":true}]}}