{"id":1233,"date":"2021-05-05T18:12:28","date_gmt":"2021-05-05T16:12:28","guid":{"rendered":"https:\/\/fdp-aktiv.de\/blog\/?p=1233"},"modified":"2021-08-25T08:16:37","modified_gmt":"2021-08-25T06:16:37","slug":"lindner-freiheiten-fuer-geimpfte-und-genesene","status":"publish","type":"post","link":"https:\/\/fdp-aktiv.de\/blog\/2021\/05\/05\/lindner-freiheiten-fuer-geimpfte-und-genesene\/","title":{"rendered":"Lindner: Freiheiten f\u00fcr Geimpfte und Genesene"},"content":{"rendered":"<p><img loading=\"lazy\" decoding=\"async\" class=\"alignnone size-large wp-image-1236\" src=\"https:\/\/fdp-aktiv.de\/blog\/wp-content\/uploads\/2021\/05\/2021-05-05-18_12_55-Window-1024x612.png\" alt=\"\" width=\"800\" height=\"478\" srcset=\"https:\/\/fdp-aktiv.de\/blog\/wp-content\/uploads\/2021\/05\/2021-05-05-18_12_55-Window-1024x612.png 1024w, https:\/\/fdp-aktiv.de\/blog\/wp-content\/uploads\/2021\/05\/2021-05-05-18_12_55-Window-300x179.png 300w, https:\/\/fdp-aktiv.de\/blog\/wp-content\/uploads\/2021\/05\/2021-05-05-18_12_55-Window-768x459.png 768w, https:\/\/fdp-aktiv.de\/blog\/wp-content\/uploads\/2021\/05\/2021-05-05-18_12_55-Window.png 1096w\" sizes=\"auto, (max-width: 800px) 100vw, 800px\" \/><\/p>\n<p>&nbsp;<\/p>\n<p>FDP-Chef Christian Lindner hat gefordert, Pl\u00e4ne f\u00fcr ein neues Klimaschutzgesetz europ\u00e4isch abzustimmen. \u00abWir haben ja europ\u00e4isch gemeinsame Klimaziele, die \u00fcbrigens gerade noch einmal versch\u00e4rft worden sind. Ein deutscher Alleingang, der nicht europ\u00e4isch abgestimmt ist, der w\u00fcrde nur dazu f\u00fchren, dass sich innerhalb Europas die Lasten anders verteilen werden\u00bb, sagte Lindner am Mittwoch in Berlin. So w\u00fcrden insgesamt aber nicht mehr Tonnen CO2 eingespart. \u00abDeutschland war auch in der Vergangenheit schon sehr gut bei ambitionierten Klimazielen. Nicht gut waren wir bei ihrer Erreichung\u00bb, sagte Lindner. \u00abWir m\u00fcssen einsteigen in die physikalische, in die technische, in die \u00f6konomische Debatte, wie wir Ziele tats\u00e4chlich realisieren.\u00bb<\/p>\n<p><iframe loading=\"lazy\" title=\"Christian LINDNER: Deutsche Klimapolitik muss europ\u00e4isch eingebettet sein\" width=\"800\" height=\"450\" src=\"https:\/\/www.youtube.com\/embed\/gEdzT8Vo1DU?feature=oembed\" frameborder=\"0\" allow=\"accelerometer; autoplay; clipboard-write; encrypted-media; gyroscope; picture-in-picture\" allowfullscreen><\/iframe><\/p>\n<p>Nach dem Urteil des Bundesverfassungsgerichts von vergangener Woche hatten Umweltministerin Svenja Schulze und Vizekanzler Olaf Scholz kurz zuvor Eckpunkte f\u00fcr ein neues Klimaschutzgesetz vorgelegt. Das Paket sieht unter anderem vor, dass sich Deutschland erstmals dazu verpflichtet, bis zum Jahr 2045 klimaneutral zu werden. Klimaneutralit\u00e4t bedeutet, nur noch so viele Treibhausgase auszusto\u00dfen, wie auch wieder gebunden werden k\u00f6nnen. Die Pl\u00e4ne der SPD-Minister, die noch abschlie\u00dfend abgestimmt werden m\u00fcssen, beinhalten au\u00dferdem ein neues nationales Reduktionsziel f\u00fcr Treibhausgasemissionen von 65 Prozent bis 2030. Dar\u00fcber hinaus wird ein neues Ziel f\u00fcr das Jahr 2040 etabliert: Deutschland soll seine Emissionen bis dahin um 88 Prozent reduzieren.<\/p>\n<p><span class=\"style-scope yt-formatted-string\" dir=\"auto\">Der WELT Nachrichten-Livestream <\/span><a class=\"yt-simple-endpoint style-scope yt-formatted-string\" dir=\"auto\" spellcheck=\"false\" href=\"https:\/\/www.youtube.com\/redirect?event=video_description&amp;redir_token=QUFFLUhqazZrSG8yZGZHQ3h2T0FGNzBIcGJza21rVWE5QXxBQ3Jtc0ttYXdQM1hjdlB3U0VYeHZJOE4tXzAxalNGZzhlWmtLVkJNWW9YUUU5NjMtVEJVcE5YVVFoNDRxOUpSdHFhcjZRbDNWM0J3a2w0SE1NRnAzNk8ydV9hVkl5OEMzVjFZbDNfdHVSenBDSGNHNk1sTHJZWQ&amp;q=http%3A%2F%2Fbit.ly%2F2fwuMPg\" target=\"_blank\" rel=\"nofollow noopener\">http:\/\/bit.ly\/2fwuMPg<\/a><span class=\"style-scope yt-formatted-string\" dir=\"auto\">\u200b<\/span><\/p>\n<p><span class=\"style-scope yt-formatted-string\" dir=\"auto\">Abonniere den WELT YouTube Channel <\/span><a class=\"yt-simple-endpoint style-scope yt-formatted-string\" dir=\"auto\" spellcheck=\"false\" href=\"https:\/\/www.youtube.com\/redirect?event=video_description&amp;redir_token=QUFFLUhqblNybUhWQkJ1VnlPSHVHNHNpbEhBWno0bVJUd3xBQ3Jtc0ttQmVjRG5JVFVtWm1qaVduekxCWWVsczQwb2M1bzFPSThHS0FpOFkxRE1LTVFnekVvREpBdEtycElVWDhzWVExT0FWZ1M3eDRneVFLNFRxSmh1cHozT05sdmdUNEJ4NTdmODJNa1hDNUM2S2VsWURHVQ&amp;q=http%3A%2F%2Fbit.ly%2FWeltVideoTVabo\" target=\"_blank\" rel=\"nofollow noopener\">http:\/\/bit.ly\/WeltVideoTVabo<\/a><\/p>\n<p>&nbsp;<\/p>\n<h3><span class=\"style-scope yt-formatted-string\" dir=\"auto\">Weitere Themen:\u200b<\/span><\/h3>\n<ul>\n<li><a title=\"FDP will Neustart in der Klimapolitik\" href=\"https:\/\/fdp-aktiv.de\/blog\/2021\/05\/05\/fdp-will-neustart-in-der-klimapolitik\/\">FDP will Neustart in der Klimapolitik<\/a><\/li>\n<li><a title=\"SUDING: Mittel des Corona-Aufholprogramms m\u00fcssen z\u00fcgig bei Kindern und Familien ankommen\" href=\"https:\/\/fdp-aktiv.de\/blog\/2021\/05\/05\/suding-mittel-des-corona-aufholprogramms-muessen-zuegig-bei-kindern-und-familien-ankommen\/\">SUDING: Mittel des Corona-Aufholprogramms m\u00fcssen z\u00fcgig bei Kindern und Familien ankommen<\/a><\/li>\n<\/ul>\n<p>&nbsp;<\/p>\n<p>&nbsp;<\/p>\n","protected":false},"excerpt":{"rendered":"<p>&nbsp; FDP-Chef Christian Lindner hat gefordert, Pl\u00e4ne f\u00fcr ein neues Klimaschutzgesetz europ\u00e4isch abzustimmen. \u00abWir haben ja europ\u00e4isch gemeinsame Klimaziele, die \u00fcbrigens gerade noch einmal versch\u00e4rft worden sind. Ein deutscher Alleingang, [&#8230;]<\/p>\n","protected":false},"author":1,"featured_media":0,"comment_status":"open","ping_status":"closed","sticky":false,"template":"","format":"standard","meta":{"footnotes":""},"categories":[4,60],"tags":[12,165,907,128,699],"class_list":["post-1233","post","type-post","status-publish","format-standard","hentry","category-covid-19","category-youtube","tag-christian-lindner","tag-coronabeschraenkungen","tag-fdp-aktiv","tag-freiheiten","tag-klimapolitik"],"_links":{"self":[{"href":"https:\/\/fdp-aktiv.de\/blog\/wp-json\/wp\/v2\/posts\/1233","targetHints":{"allow":["GET"]}}],"collection":[{"href":"https:\/\/fdp-aktiv.de\/blog\/wp-json\/wp\/v2\/posts"}],"about":[{"href":"https:\/\/fdp-aktiv.de\/blog\/wp-json\/wp\/v2\/types\/post"}],"author":[{"embeddable":true,"href":"https:\/\/fdp-aktiv.de\/blog\/wp-json\/wp\/v2\/users\/1"}],"replies":[{"embeddable":true,"href":"https:\/\/fdp-aktiv.de\/blog\/wp-json\/wp\/v2\/comments?post=1233"}],"version-history":[{"count":3,"href":"https:\/\/fdp-aktiv.de\/blog\/wp-json\/wp\/v2\/posts\/1233\/revisions"}],"predecessor-version":[{"id":1237,"href":"https:\/\/fdp-aktiv.de\/blog\/wp-json\/wp\/v2\/posts\/1233\/revisions\/1237"}],"wp:attachment":[{"href":"https:\/\/fdp-aktiv.de\/blog\/wp-json\/wp\/v2\/media?parent=1233"}],"wp:term":[{"taxonomy":"category","embeddable":true,"href":"https:\/\/fdp-aktiv.de\/blog\/wp-json\/wp\/v2\/categories?post=1233"},{"taxonomy":"post_tag","embeddable":true,"href":"https:\/\/fdp-aktiv.de\/blog\/wp-json\/wp\/v2\/tags?post=1233"}],"curies":[{"name":"wp","href":"https:\/\/api.w.org\/{rel}","templated":true}]}}