{"id":12341,"date":"2023-07-13T10:55:22","date_gmt":"2023-07-13T08:55:22","guid":{"rendered":"https:\/\/fdp-aktiv.de\/blog\/?p=12341"},"modified":"2023-07-13T10:55:22","modified_gmt":"2023-07-13T08:55:22","slug":"saarland-isringhaus-zusaetzliche-investitionsmittel-reichen-angesichts-des-massiven-investitionsstaus-nicht-fuer-saarlaendische-krankenhaeuser","status":"publish","type":"post","link":"https:\/\/fdp-aktiv.de\/blog\/2023\/07\/13\/saarland-isringhaus-zusaetzliche-investitionsmittel-reichen-angesichts-des-massiven-investitionsstaus-nicht-fuer-saarlaendische-krankenhaeuser\/","title":{"rendered":"Saarland &#8211; Isringhaus: Zus\u00e4tzliche Investitionsmittel reichen angesichts des massiven Investitionsstaus nicht f\u00fcr saarl\u00e4ndische Krankenh\u00e4user"},"content":{"rendered":"<div class=\"clearfix text-formatted field field--name-field-body field--type-text-long field--label-hidden field__item\">\n<p>Die FDP begr\u00fc\u00dft die Ank\u00fcndigung von Gesundheitsminister Jung, die Investitionen f\u00fcr Krankenh\u00e4user f\u00fcr die Jahre 2024 und 2025 um 50 Mio Euro zu erh\u00f6hen.<\/p>\n<p>Dazu Dr. Helmut Isringhaus, gesundheitspolitischer Sprecher der FDP Saar: \u201eDie Landesregierung ist durch Gesetz verpflichtet, f\u00fcr die Investitionskosten der Krankenh\u00e4user aufzukommen. Dies ist in der Vergangenheit str\u00e4flich vernachl\u00e4ssigt worden. Dass diese Verpflichtung jetzt ernster genommen wird, ist l\u00f6blich. Aber wenn man mal die notwendigen Finanzmittel f\u00fcr Klinikneubauten und sonstige apparative Investitionen anschaut, ist die Summe nat\u00fcrlich viel zu gering. Allein Neubauten in Merzig, Lebach und Wadern sowie der gro\u00dfe Anbau des Rastpfuhl-Krankenhauses in Saarbr\u00fccken werden mehr als 200 Mio Euro verschlingen. Andere Krankenh\u00e4user wie das Winterbergklinikum m\u00fcssten vollsaniert oder neu gebaut werden. Dazu kommen die notwendigen Investitionen in alle anderen Standorte, die teilweise veraltet sind und ihre technische Ausstattung immer wieder modernisieren m\u00fcssen. Auch m\u00fcsste das Geld jetzt schon bereitstehen. Erst im kommenden Jahr die Vergabe im Rahmen des neuen Krankenhausbedarfsplans pr\u00fcfen zu wollen, ist zu sp\u00e4t. So k\u00f6nnen die Krankenh\u00e4user jetzt nicht planen, sondern m\u00fcssen erst abwarten, welches Leistungsangebot sie in Zukunft anbieten d\u00fcrfen. Das ist wieder ein verlorenes Jahr.<\/p>\n<p>Weiterhin f\u00fchrt diese mangelhafte Investitionsfinanzierung dazu, dass die Kliniken aus ihren Erl\u00f6sen f\u00fcr Behandlungen hohe Betr\u00e4ge abknapsen m\u00fcssen, die sie eigentlich f\u00fcr Sachkosten und Personalkosten verwenden sollten. Das bedeutet: Es muss weiter am Personal gespart werden. Das ist absurd. Daher fordern wir, dass Minister Jung direkt nach Verabschiedung des Reformgesetzes\u00a0 den Krankenh\u00e4usern sagt, wie ihre Zukunft aussieht und ihnen ausreichend Geld f\u00fcr Investitionen zur Verf\u00fcgung stellt. Krankenh\u00e4user brauchen Planungssicherheit!\u201c<\/p>\n<\/div>\n","protected":false},"excerpt":{"rendered":"<p>Die FDP begr\u00fc\u00dft die Ank\u00fcndigung von Gesundheitsminister Jung, die Investitionen f\u00fcr Krankenh\u00e4user f\u00fcr die Jahre 2024 und 2025 um 50 Mio Euro zu erh\u00f6hen. Dazu Dr. Helmut Isringhaus, gesundheitspolitischer Sprecher [&#8230;]<\/p>\n","protected":false},"author":1,"featured_media":1471,"comment_status":"open","ping_status":"closed","sticky":false,"template":"","format":"standard","meta":{"footnotes":""},"categories":[123],"tags":[707,708,1488,1446],"class_list":["post-12341","post","type-post","status-publish","format-standard","has-post-thumbnail","hentry","category-gesundheit","tag-dr-helmut-isringhaus","tag-fdp-saar","tag-investitionen","tag-krankenhaus"],"_links":{"self":[{"href":"https:\/\/fdp-aktiv.de\/blog\/wp-json\/wp\/v2\/posts\/12341","targetHints":{"allow":["GET"]}}],"collection":[{"href":"https:\/\/fdp-aktiv.de\/blog\/wp-json\/wp\/v2\/posts"}],"about":[{"href":"https:\/\/fdp-aktiv.de\/blog\/wp-json\/wp\/v2\/types\/post"}],"author":[{"embeddable":true,"href":"https:\/\/fdp-aktiv.de\/blog\/wp-json\/wp\/v2\/users\/1"}],"replies":[{"embeddable":true,"href":"https:\/\/fdp-aktiv.de\/blog\/wp-json\/wp\/v2\/comments?post=12341"}],"version-history":[{"count":1,"href":"https:\/\/fdp-aktiv.de\/blog\/wp-json\/wp\/v2\/posts\/12341\/revisions"}],"predecessor-version":[{"id":12347,"href":"https:\/\/fdp-aktiv.de\/blog\/wp-json\/wp\/v2\/posts\/12341\/revisions\/12347"}],"wp:featuredmedia":[{"embeddable":true,"href":"https:\/\/fdp-aktiv.de\/blog\/wp-json\/wp\/v2\/media\/1471"}],"wp:attachment":[{"href":"https:\/\/fdp-aktiv.de\/blog\/wp-json\/wp\/v2\/media?parent=12341"}],"wp:term":[{"taxonomy":"category","embeddable":true,"href":"https:\/\/fdp-aktiv.de\/blog\/wp-json\/wp\/v2\/categories?post=12341"},{"taxonomy":"post_tag","embeddable":true,"href":"https:\/\/fdp-aktiv.de\/blog\/wp-json\/wp\/v2\/tags?post=12341"}],"curies":[{"name":"wp","href":"https:\/\/api.w.org\/{rel}","templated":true}]}}