{"id":12374,"date":"2023-07-14T15:32:28","date_gmt":"2023-07-14T13:32:28","guid":{"rendered":"https:\/\/fdp-aktiv.de\/blog\/?p=12374"},"modified":"2023-07-14T15:32:28","modified_gmt":"2023-07-14T13:32:28","slug":"berlin-lars-f-lindemann-zur-kommunikationspanne-zwischen-dem-spd-fraktionsvorsitzenden-saleh-und-der-senatsverkehrsverwaltung-zum-thema-mobilitaetsgipfel","status":"publish","type":"post","link":"https:\/\/fdp-aktiv.de\/blog\/2023\/07\/14\/berlin-lars-f-lindemann-zur-kommunikationspanne-zwischen-dem-spd-fraktionsvorsitzenden-saleh-und-der-senatsverkehrsverwaltung-zum-thema-mobilitaetsgipfel\/","title":{"rendered":"BERLIN: Lars F. Lindemann zur Kommunikationspanne zwischen dem SPD-Fraktionsvorsitzenden Saleh und der Senatsverkehrsverwaltung zum Thema \u201eMobilit\u00e4tsgipfel\u201c:"},"content":{"rendered":"<p>&#8220;Der Vorgang ist ein Paradebeispiel daf\u00fcr, dass diese Koalition sicher nicht &#8220;das Beste f\u00fcr Berlin&#8221; ist. Wie kann es sein, dass der Fraktionsvorsitzende der SPD &#8211; gerade bei dem Dauerthema Mobilit\u00e4t &#8211; nicht informiert ist, was die Senatsverkehrsverwaltung von Manja Schreiner macht? Dieser Senat steht nicht f\u00fcr einen Politikwechsel, sondern f\u00fcr Alleing\u00e4nge von Politikressorts &#8211; genauso wie es schon bei Rot-Gr\u00fcn-Rot passiert ist. Das f\u00fchrt zu Spannungen, Frust und Vertrauensproblemen unter den Koalitionspartnern. Am Ende werden somit die Berlinerinnen und Berliner die Leidtragenden sein. Das haben sie nicht verdient.&#8221;<\/p>\n","protected":false},"excerpt":{"rendered":"<p>&#8220;Der Vorgang ist ein Paradebeispiel daf\u00fcr, dass diese Koalition sicher nicht &#8220;das Beste f\u00fcr Berlin&#8221; ist. Wie kann es sein, dass der Fraktionsvorsitzende der SPD &#8211; gerade bei dem Dauerthema [&#8230;]<\/p>\n","protected":false},"author":1,"featured_media":10345,"comment_status":"open","ping_status":"closed","sticky":false,"template":"","format":"standard","meta":{"footnotes":""},"categories":[6],"tags":[706,3242],"class_list":["post-12374","post","type-post","status-publish","format-standard","has-post-thumbnail","hentry","category-politik","tag-fdp-berlin","tag-lars-lindemann"],"_links":{"self":[{"href":"https:\/\/fdp-aktiv.de\/blog\/wp-json\/wp\/v2\/posts\/12374","targetHints":{"allow":["GET"]}}],"collection":[{"href":"https:\/\/fdp-aktiv.de\/blog\/wp-json\/wp\/v2\/posts"}],"about":[{"href":"https:\/\/fdp-aktiv.de\/blog\/wp-json\/wp\/v2\/types\/post"}],"author":[{"embeddable":true,"href":"https:\/\/fdp-aktiv.de\/blog\/wp-json\/wp\/v2\/users\/1"}],"replies":[{"embeddable":true,"href":"https:\/\/fdp-aktiv.de\/blog\/wp-json\/wp\/v2\/comments?post=12374"}],"version-history":[{"count":1,"href":"https:\/\/fdp-aktiv.de\/blog\/wp-json\/wp\/v2\/posts\/12374\/revisions"}],"predecessor-version":[{"id":12383,"href":"https:\/\/fdp-aktiv.de\/blog\/wp-json\/wp\/v2\/posts\/12374\/revisions\/12383"}],"wp:featuredmedia":[{"embeddable":true,"href":"https:\/\/fdp-aktiv.de\/blog\/wp-json\/wp\/v2\/media\/10345"}],"wp:attachment":[{"href":"https:\/\/fdp-aktiv.de\/blog\/wp-json\/wp\/v2\/media?parent=12374"}],"wp:term":[{"taxonomy":"category","embeddable":true,"href":"https:\/\/fdp-aktiv.de\/blog\/wp-json\/wp\/v2\/categories?post=12374"},{"taxonomy":"post_tag","embeddable":true,"href":"https:\/\/fdp-aktiv.de\/blog\/wp-json\/wp\/v2\/tags?post=12374"}],"curies":[{"name":"wp","href":"https:\/\/api.w.org\/{rel}","templated":true}]}}