{"id":1238,"date":"2021-05-06T09:23:26","date_gmt":"2021-05-06T07:23:26","guid":{"rendered":"https:\/\/fdp-aktiv.de\/blog\/?p=1238"},"modified":"2022-01-28T14:56:10","modified_gmt":"2022-01-28T13:56:10","slug":"berlin-paul-fresdorf-bildungspolitischer-sprecher-der-fdp-fraktion-im-abgeordnetenhaus-von-berlin-zur-situation-der-corona-testungen-an-den-berliner-schulen","status":"publish","type":"post","link":"https:\/\/fdp-aktiv.de\/blog\/2021\/05\/06\/berlin-paul-fresdorf-bildungspolitischer-sprecher-der-fdp-fraktion-im-abgeordnetenhaus-von-berlin-zur-situation-der-corona-testungen-an-den-berliner-schulen\/","title":{"rendered":"BERLIN: Paul Fresdorf, bildungspolitischer Sprecher der FDP-Fraktion im Abgeordnetenhaus von Berlin, zur Situation der Corona-Testungen an den Berliner Schulen:"},"content":{"rendered":"<figure id=\"attachment_2896\" aria-describedby=\"caption-attachment-2896\" style=\"width: 650px\" class=\"wp-caption aligncenter\"><a href=\"https:\/\/fdp-aktiv.de\/blog\/wp-content\/uploads\/2021\/10\/Fresdorf.gif\"><img loading=\"lazy\" decoding=\"async\" class=\"size-full wp-image-2896\" src=\"https:\/\/fdp-aktiv.de\/blog\/wp-content\/uploads\/2021\/10\/Fresdorf.gif\" alt=\"\" width=\"650\" height=\"433\" \/><\/a><figcaption id=\"caption-attachment-2896\" class=\"wp-caption-text\">Paul Fresdorf<\/figcaption><\/figure>\n<p><i>&#8220;Ohne eine gute Teststrategie wird es keinen sicheren Unterricht geben. Darum sind die verpflichtenden Corona-Tests an den Berliner Schulen weiter auszubauen. Dies muss auch unter der Anleitung von Lehrerinnen, Lehrern oder daf\u00fcr ausgebildetem externen Personal durchgef\u00fchrt werden &#8211; nur somit kann der so dringend ben\u00f6tigte Pr\u00e4senzunterricht gew\u00e4hrleistet werden. Es muss alles daf\u00fcr getan werden, dass keine einzige Unterrichtsstunde mehr verloren geht, denn die schulischen Pr\u00e4senzangebote sind und bleiben elementar &#8211; die Sch\u00fclerinnen und Sch\u00fcler d\u00fcrfen nicht noch mehr Wissen verlieren. Der Berliner Senat muss den Betroffenen hier mit Rat und Tat zur Seite stehen. Hier geht es um die Sicherheit an den Berliner Schulen und den Schutz von \u00fcber <\/i><i>\u202a<\/i><i>370.000<\/i><i> Sch\u00fclerinnen und Sch\u00fclern sowie 35.000 Lehrerkr\u00e4ften in der Hauptstadt.\u201c<\/i><\/p>\n<p>&nbsp;<\/p>\n<h3>Quelle:<\/h3>\n<p><a href=\"http:\/\/www.fdp-fraktion.berlin\">Fraktion der Freien Demokraten im Abgeordnetenhaus von Berlin Preu\u00dfischer Landtag<\/a>\u00a0 \u00a0&#8211;\u00a0 \u00a009:20 Uhr\u00a0 \u00a0&#8211;\u00a0 \u00a006:50 Uhr<\/p>\n","protected":false},"excerpt":{"rendered":"<p>&#8220;Ohne eine gute Teststrategie wird es keinen sicheren Unterricht geben. Darum sind die verpflichtenden Corona-Tests an den Berliner Schulen weiter auszubauen. Dies muss auch unter der Anleitung von Lehrerinnen, Lehrern [&#8230;]<\/p>\n","protected":false},"author":1,"featured_media":0,"comment_status":"open","ping_status":"closed","sticky":false,"template":"","format":"standard","meta":{"footnotes":""},"categories":[34,4],"tags":[705,416,706,1257,339],"class_list":["post-1238","post","type-post","status-publish","format-standard","hentry","category-bildung","category-covid-19","tag-ausbau","tag-corona-tests","tag-fdp-berlin","tag-paul-fresdorf","tag-schulen"],"_links":{"self":[{"href":"https:\/\/fdp-aktiv.de\/blog\/wp-json\/wp\/v2\/posts\/1238","targetHints":{"allow":["GET"]}}],"collection":[{"href":"https:\/\/fdp-aktiv.de\/blog\/wp-json\/wp\/v2\/posts"}],"about":[{"href":"https:\/\/fdp-aktiv.de\/blog\/wp-json\/wp\/v2\/types\/post"}],"author":[{"embeddable":true,"href":"https:\/\/fdp-aktiv.de\/blog\/wp-json\/wp\/v2\/users\/1"}],"replies":[{"embeddable":true,"href":"https:\/\/fdp-aktiv.de\/blog\/wp-json\/wp\/v2\/comments?post=1238"}],"version-history":[{"count":3,"href":"https:\/\/fdp-aktiv.de\/blog\/wp-json\/wp\/v2\/posts\/1238\/revisions"}],"predecessor-version":[{"id":4198,"href":"https:\/\/fdp-aktiv.de\/blog\/wp-json\/wp\/v2\/posts\/1238\/revisions\/4198"}],"wp:attachment":[{"href":"https:\/\/fdp-aktiv.de\/blog\/wp-json\/wp\/v2\/media?parent=1238"}],"wp:term":[{"taxonomy":"category","embeddable":true,"href":"https:\/\/fdp-aktiv.de\/blog\/wp-json\/wp\/v2\/categories?post=1238"},{"taxonomy":"post_tag","embeddable":true,"href":"https:\/\/fdp-aktiv.de\/blog\/wp-json\/wp\/v2\/tags?post=1238"}],"curies":[{"name":"wp","href":"https:\/\/api.w.org\/{rel}","templated":true}]}}