{"id":12429,"date":"2023-07-18T09:43:40","date_gmt":"2023-07-18T07:43:40","guid":{"rendered":"https:\/\/fdp-aktiv.de\/blog\/?p=12429"},"modified":"2023-07-18T09:43:40","modified_gmt":"2023-07-18T07:43:40","slug":"baden-wuerttemberg-brauer-sorgsamer-mit-dem-steuergeld-umgehen","status":"publish","type":"post","link":"https:\/\/fdp-aktiv.de\/blog\/2023\/07\/18\/baden-wuerttemberg-brauer-sorgsamer-mit-dem-steuergeld-umgehen\/","title":{"rendered":"Baden-W\u00fcrttemberg &#8211; Brauer: Sorgsamer mit dem Steuergeld umgehen"},"content":{"rendered":"<p>F\u00f6rdermittel werden teilweise immer noch ohne richtige Erfolgskontrolle ausgesch\u00fcttet<\/p>\n<p>Zu Themen der heute vorgestellten Denkschrift des Rechnungshofs bemerkt <strong>Stephen Brauer<\/strong>, finanzpolitischer Sprecher der FDP\/DVP-Fraktion:<\/p>\n<p>\u201eWir sind dem Rechnungshof wieder einmal zu gro\u00dfem Dank verpflichtet, dass er der Landesverwaltung und dem Parlament jedes Jahr so wertvolle Hinweise liefert. Einerseits f\u00fcr den Haushalt, wo man wieder einmal sehen kann, welch gro\u00dfe \u00dcbersch\u00fcsse diese Regierung jedes Jahr erzielt.<\/p>\n<p>Und andererseits f\u00fcr die konkrete Arbeit &#8211; hier dieses Jahr mit einem Schwerpunkt auf fehlgehende oder schlecht \u00fcberwachte F\u00f6rderprogramme. Es gen\u00fcgt eben nicht, wenn man nur gute Absichten hat und man anderer Leute (Steuer)Geld ausgibt: Man muss ein konkretes Ziel definieren und \u00fcberpr\u00fcfen, ob es auch erreicht wird. Das fordert schon das Haushaltsrecht.<\/p>\n<p>Besorgt l\u00e4sst einen auch die mangelnde Qualit\u00e4t der Arbeit der Hochbauverwaltung zur\u00fcck. Offenbar fehlt es hier an notwendiger Fachkenntnis, wenn Planungen akzeptiert werden, die zwar stilistisch gelungen sind, aber gegen den Stand der Technik versto\u00dfen. Fr\u00fche M\u00e4ngelsanierungen und damit teure Folgekosten sind das Ergebnis.\u201c<\/p>\n","protected":false},"excerpt":{"rendered":"<p>F\u00f6rdermittel werden teilweise immer noch ohne richtige Erfolgskontrolle ausgesch\u00fcttet Zu Themen der heute vorgestellten Denkschrift des Rechnungshofs bemerkt Stephen Brauer, finanzpolitischer Sprecher der FDP\/DVP-Fraktion: \u201eWir sind dem Rechnungshof wieder einmal [&#8230;]<\/p>\n","protected":false},"author":1,"featured_media":5292,"comment_status":"open","ping_status":"closed","sticky":false,"template":"","format":"standard","meta":{"footnotes":""},"categories":[55],"tags":[650,2853,1514,512],"class_list":["post-12429","post","type-post","status-publish","format-standard","has-post-thumbnail","hentry","category-finanzen","tag-fdp-dvp","tag-foerdermittel","tag-stephen-brauer","tag-steuergelder"],"_links":{"self":[{"href":"https:\/\/fdp-aktiv.de\/blog\/wp-json\/wp\/v2\/posts\/12429","targetHints":{"allow":["GET"]}}],"collection":[{"href":"https:\/\/fdp-aktiv.de\/blog\/wp-json\/wp\/v2\/posts"}],"about":[{"href":"https:\/\/fdp-aktiv.de\/blog\/wp-json\/wp\/v2\/types\/post"}],"author":[{"embeddable":true,"href":"https:\/\/fdp-aktiv.de\/blog\/wp-json\/wp\/v2\/users\/1"}],"replies":[{"embeddable":true,"href":"https:\/\/fdp-aktiv.de\/blog\/wp-json\/wp\/v2\/comments?post=12429"}],"version-history":[{"count":1,"href":"https:\/\/fdp-aktiv.de\/blog\/wp-json\/wp\/v2\/posts\/12429\/revisions"}],"predecessor-version":[{"id":12433,"href":"https:\/\/fdp-aktiv.de\/blog\/wp-json\/wp\/v2\/posts\/12429\/revisions\/12433"}],"wp:featuredmedia":[{"embeddable":true,"href":"https:\/\/fdp-aktiv.de\/blog\/wp-json\/wp\/v2\/media\/5292"}],"wp:attachment":[{"href":"https:\/\/fdp-aktiv.de\/blog\/wp-json\/wp\/v2\/media?parent=12429"}],"wp:term":[{"taxonomy":"category","embeddable":true,"href":"https:\/\/fdp-aktiv.de\/blog\/wp-json\/wp\/v2\/categories?post=12429"},{"taxonomy":"post_tag","embeddable":true,"href":"https:\/\/fdp-aktiv.de\/blog\/wp-json\/wp\/v2\/tags?post=12429"}],"curies":[{"name":"wp","href":"https:\/\/api.w.org\/{rel}","templated":true}]}}