{"id":12435,"date":"2023-07-18T15:10:12","date_gmt":"2023-07-18T13:10:12","guid":{"rendered":"https:\/\/fdp-aktiv.de\/blog\/?p=12435"},"modified":"2023-07-18T15:10:12","modified_gmt":"2023-07-18T13:10:12","slug":"baden-wuerttemberg-birnstock-echte-wahlfreiheit-bei-kinderbetreuung","status":"publish","type":"post","link":"https:\/\/fdp-aktiv.de\/blog\/2023\/07\/18\/baden-wuerttemberg-birnstock-echte-wahlfreiheit-bei-kinderbetreuung\/","title":{"rendered":"Baden-W\u00fcrttemberg &#8211; Birnstock: Echte Wahlfreiheit bei Kinderbetreuung"},"content":{"rendered":"<p>Forderung nach Bildungsgutschein<\/p>\n<p>Zur Meldung, dass laut einer Studie die Eltern im S\u00fcdwesten weniger Betreuungsbedarf haben als in anderen Bundesl\u00e4ndern, sagt der Sprecher f\u00fcr fr\u00fchkindliche Bildung der FDP\/DVP-Fraktion, <strong>Dennis Birnstock<\/strong>:<\/p>\n<p>\u201eSelbstverst\u00e4ndlich sollten die Eltern bei der Wahl des Betreuungsmodells f\u00fcr ihre Kinder die vollkommene Wahlfreiheit haben und sich je nach Bed\u00fcrfnissen zwischen einer Betreuung zuhause, in der Kita, oder in der Kindertagespflege entscheiden k\u00f6nnen. Doch um f\u00fcr alle Kinder eine gleicherma\u00dfen qualitativ hohe fr\u00fchkindliche Bildung und F\u00f6rderung zu gew\u00e4hrleisten, setzen wir uns als FDP\/DVP-Fraktion f\u00fcr die Einf\u00fchrung eines Gutscheinmodells ein. So k\u00f6nnen Eltern ihre Kinder wahlweise zuhause betreuen, aber \u00fcber einen Bildungsgutschein dennoch fr\u00fchkindliche Bildungsangebote flexibel wahrnehmen (z.B. in den Familienbildungszentren).<\/p>\n<p>Dies gilt insbesondere auch f\u00fcr Eltern, die ihr Kind nicht freiwillig, sondern aufgrund des Mangels an Kita-Pl\u00e4tzen zwangsweise zuhause betreuen m\u00fcssen. Fr\u00fchkindliche Bildung darf nicht zu einer Frage des Wohnortes oder des Gl\u00fccks bei der Kita-Platzvergabe werden. Angesichts einer Betreuungsl\u00fccke im U3-Bereich von 14,8 Prozent im S\u00fcdwesten, muss die gr\u00fcn-schwarze Landesregierung hier endlich handeln. Die politischen Vers\u00e4umnisse der letzten Jahre d\u00fcrfen nicht auf dem R\u00fccken der Kinder und Eltern ausgetragen werden.\u201c<\/p>\n<p>&nbsp;<\/p>\n","protected":false},"excerpt":{"rendered":"<p>Forderung nach Bildungsgutschein Zur Meldung, dass laut einer Studie die Eltern im S\u00fcdwesten weniger Betreuungsbedarf haben als in anderen Bundesl\u00e4ndern, sagt der Sprecher f\u00fcr fr\u00fchkindliche Bildung der FDP\/DVP-Fraktion, Dennis Birnstock: [&#8230;]<\/p>\n","protected":false},"author":1,"featured_media":11889,"comment_status":"open","ping_status":"closed","sticky":false,"template":"","format":"standard","meta":{"footnotes":""},"categories":[34],"tags":[746,650,3701],"class_list":["post-12435","post","type-post","status-publish","format-standard","has-post-thumbnail","hentry","category-bildung","tag-dennis-birnstock","tag-fdp-dvp","tag-gutschein"],"_links":{"self":[{"href":"https:\/\/fdp-aktiv.de\/blog\/wp-json\/wp\/v2\/posts\/12435","targetHints":{"allow":["GET"]}}],"collection":[{"href":"https:\/\/fdp-aktiv.de\/blog\/wp-json\/wp\/v2\/posts"}],"about":[{"href":"https:\/\/fdp-aktiv.de\/blog\/wp-json\/wp\/v2\/types\/post"}],"author":[{"embeddable":true,"href":"https:\/\/fdp-aktiv.de\/blog\/wp-json\/wp\/v2\/users\/1"}],"replies":[{"embeddable":true,"href":"https:\/\/fdp-aktiv.de\/blog\/wp-json\/wp\/v2\/comments?post=12435"}],"version-history":[{"count":1,"href":"https:\/\/fdp-aktiv.de\/blog\/wp-json\/wp\/v2\/posts\/12435\/revisions"}],"predecessor-version":[{"id":12443,"href":"https:\/\/fdp-aktiv.de\/blog\/wp-json\/wp\/v2\/posts\/12435\/revisions\/12443"}],"wp:featuredmedia":[{"embeddable":true,"href":"https:\/\/fdp-aktiv.de\/blog\/wp-json\/wp\/v2\/media\/11889"}],"wp:attachment":[{"href":"https:\/\/fdp-aktiv.de\/blog\/wp-json\/wp\/v2\/media?parent=12435"}],"wp:term":[{"taxonomy":"category","embeddable":true,"href":"https:\/\/fdp-aktiv.de\/blog\/wp-json\/wp\/v2\/categories?post=12435"},{"taxonomy":"post_tag","embeddable":true,"href":"https:\/\/fdp-aktiv.de\/blog\/wp-json\/wp\/v2\/tags?post=12435"}],"curies":[{"name":"wp","href":"https:\/\/api.w.org\/{rel}","templated":true}]}}