{"id":12438,"date":"2023-07-18T15:19:04","date_gmt":"2023-07-18T13:19:04","guid":{"rendered":"https:\/\/fdp-aktiv.de\/blog\/?p=12438"},"modified":"2023-07-18T15:19:04","modified_gmt":"2023-07-18T13:19:04","slug":"hessen-rock-es-geht-um-unsere-kinder-fruehe-bildung-muss-prioritaet-haben","status":"publish","type":"post","link":"https:\/\/fdp-aktiv.de\/blog\/2023\/07\/18\/hessen-rock-es-geht-um-unsere-kinder-fruehe-bildung-muss-prioritaet-haben\/","title":{"rendered":"Hessen &#8211; ROCK: Es geht um unsere Kinder &#8211; Fr\u00fche Bildung muss Priorit\u00e4t haben"},"content":{"rendered":"<div class=\"clearfix text-formatted field field--name-body field--type-text-with-summary field--label-hidden field__item\">\n<ul>\n<li><strong>Freie Demokraten treten dem B\u00fcndnis Fr\u00fche Bildung Hessen bei<\/strong><\/li>\n<li><strong>Fr\u00fchkindliche Bildung f\u00fcr Bildungserfolg wichtig<\/strong><\/li>\n<li><strong>Erzieherberuf darf nicht entwertet werden<\/strong><\/li>\n<\/ul>\n<p>Die Freien Demokraten im Hessischen Landtag treten heute dem B\u00fcndnis Fr\u00fche Bildung Hessen bei. Ren\u00e9 ROCK, Fraktionsvorsitzender und Sprecher f\u00fcr fr\u00fchkindliche Bildung der Freien Demokraten im Hessischen Landtag, betont die Bedeutung der fr\u00fchkindlichen Bildung: \u201eDer Grundstein f\u00fcr den Bildungserfolg von Kindern wird schon in der Fr\u00fchen Bildung gelegt, daher muss diesem Bereich Priorit\u00e4t einger\u00e4umt werden.\u201c Anlass zur Gr\u00fcndung des B\u00fcndnisses ist ein Gesetzentwurf der hessischen Regierungsfraktionen welcher vorsieht, dass der sogenannte Fachkr\u00e4ftekatalog \u201enach unten\u201c ge\u00f6ffnet wird. Der Gesetzentwurf mache es m\u00f6glich, dass jede vierte Erzieherin oder jeder vierte Erzieher von einer Nicht-Fachkraft ersetzt werde. Dies gef\u00e4hrde die Bildungschancen und die Zukunft der Kinder in Hessen. \u201eDem Fachkr\u00e4ftemangel darf nicht durch Absenkung der Standards begegnet werden. Ansonsten besteht die Gefahr, dass sich die Betreuungssituation und die Chancen auf Bildungserfolg von \u00fcber\u00a0250.000\u00a0Kindern in Hessen verschlechtern\u201c, mahnt Rock.<\/p>\n<p>Rock fordert, den Erzieherberuf zu st\u00e4rken, um so die Qualit\u00e4t der fr\u00fchkindlichen Bildung zu sichern: \u201eF\u00fcr eine hochwertige Betreuung der Kinder ist die Attraktivit\u00e4t des Erzieherberufs wichtig. Eine Entwertung des Erzieherberufs durch die Absenkung der Standards f\u00fchrt m\u00f6glicherweise dazu, dass Fachkr\u00e4fte den Beruf verlassen und sich der Fachkr\u00e4ftemangel weiter versch\u00e4rft. Wir Freie Demokraten fordern daher mit unserem Antrag <a href=\"https:\/\/fdp-fraktion-hessen.de\/initiative\/antrag_fraktion-der-freien-demokraten-landesregierung-gefaehrdet-fruehkindliche-bildung-entwertung-des-erzieherberufs-stoppen-frueher-bildung-prioritaet-einraeumen-drucksache-20\/\">(Drs. 20\/11397)<\/a>, dass der Fachkr\u00e4ftekatalog stattdessen auch \u201anach oben\u2018 ge\u00f6ffnet wird. Die Arbeit in den Kitas muss auch f\u00fcr h\u00f6her qualifizierte Fachkr\u00e4fte weiterhin attraktiv sein. Daher sollen Tr\u00e4ger, die diese Fachkr\u00e4fte besch\u00e4ftigen und entsprechend ihrer Qualifikation verg\u00fcten, eine Pauschale als finanziellen Anreiz erhalten. Auch die Weiterbildung von Erzieherinnen und Erziehern soll durch finanzielle Anreize gef\u00f6rdert werden.\u201c<\/p>\n<\/div>\n","protected":false},"excerpt":{"rendered":"<p>Freie Demokraten treten dem B\u00fcndnis Fr\u00fche Bildung Hessen bei Fr\u00fchkindliche Bildung f\u00fcr Bildungserfolg wichtig Erzieherberuf darf nicht entwertet werden Die Freien Demokraten im Hessischen Landtag treten heute dem B\u00fcndnis Fr\u00fche [&#8230;]<\/p>\n","protected":false},"author":1,"featured_media":11568,"comment_status":"open","ping_status":"closed","sticky":false,"template":"","format":"standard","meta":{"footnotes":""},"categories":[34],"tags":[635,3093,634],"class_list":["post-12438","post","type-post","status-publish","format-standard","has-post-thumbnail","hentry","category-bildung","tag-fdp-hessen","tag-fruehkindliche-bildung","tag-rene-rock"],"_links":{"self":[{"href":"https:\/\/fdp-aktiv.de\/blog\/wp-json\/wp\/v2\/posts\/12438","targetHints":{"allow":["GET"]}}],"collection":[{"href":"https:\/\/fdp-aktiv.de\/blog\/wp-json\/wp\/v2\/posts"}],"about":[{"href":"https:\/\/fdp-aktiv.de\/blog\/wp-json\/wp\/v2\/types\/post"}],"author":[{"embeddable":true,"href":"https:\/\/fdp-aktiv.de\/blog\/wp-json\/wp\/v2\/users\/1"}],"replies":[{"embeddable":true,"href":"https:\/\/fdp-aktiv.de\/blog\/wp-json\/wp\/v2\/comments?post=12438"}],"version-history":[{"count":1,"href":"https:\/\/fdp-aktiv.de\/blog\/wp-json\/wp\/v2\/posts\/12438\/revisions"}],"predecessor-version":[{"id":12447,"href":"https:\/\/fdp-aktiv.de\/blog\/wp-json\/wp\/v2\/posts\/12438\/revisions\/12447"}],"wp:featuredmedia":[{"embeddable":true,"href":"https:\/\/fdp-aktiv.de\/blog\/wp-json\/wp\/v2\/media\/11568"}],"wp:attachment":[{"href":"https:\/\/fdp-aktiv.de\/blog\/wp-json\/wp\/v2\/media?parent=12438"}],"wp:term":[{"taxonomy":"category","embeddable":true,"href":"https:\/\/fdp-aktiv.de\/blog\/wp-json\/wp\/v2\/categories?post=12438"},{"taxonomy":"post_tag","embeddable":true,"href":"https:\/\/fdp-aktiv.de\/blog\/wp-json\/wp\/v2\/tags?post=12438"}],"curies":[{"name":"wp","href":"https:\/\/api.w.org\/{rel}","templated":true}]}}