{"id":12515,"date":"2023-07-20T17:38:52","date_gmt":"2023-07-20T15:38:52","guid":{"rendered":"https:\/\/fdp-aktiv.de\/blog\/?p=12515"},"modified":"2023-09-09T07:11:50","modified_gmt":"2023-09-09T05:11:50","slug":"bayern-fischbach-gute-lehrkraefte-verdienen-mehr","status":"publish","type":"post","link":"https:\/\/fdp-aktiv.de\/blog\/2023\/07\/20\/bayern-fischbach-gute-lehrkraefte-verdienen-mehr\/","title":{"rendered":"Bayern &#8211; FISCHBACH: Gute Lehrkr\u00e4fte verdienen mehr!"},"content":{"rendered":"<p>Zu dem gestern Abend final beratenen Gesetzentwurf der Staatsregierung zur \u201e\u00c4nderung des Bayerischen Besoldungsgesetzes und des Bayerischen Beamtenversorgungsgesetzes\u201c bedauern die Landtagsliberalen, dass die Staatsregierung nicht bereit war, Lohn- und Leistungsgerechtigkeit f\u00fcr Lehrkr\u00e4fte herzustellen. Dazu erkl\u00e4rt bildungspolitische Sprecher der FDP-Fraktion im Bayerischen Landtag, <strong>Matthias Fischbach<\/strong>:<\/p>\n<p>\u201eUnsere Lehrkr\u00e4fte sind das R\u00fcckgrat unseres Bildungssystems. Leider erfahren gerade herausragende Leistungen dabei viel zu wenig Wertsch\u00e4tzung \u2013 auch finanziell. Der Einstieg in A13 f\u00fcr Grund- und Mittelschullehrkr\u00e4fte ist ein wichtiger Schritt, der aber auf Kosten der Leistungsgerechtigkeit innerhalb der Grund- und Mittelschulen zu gehen droht.<\/p>\n<p>Wir haben daher mit einem \u00c4nderungsantrag gefordert, dass der Lohnabstand f\u00fcr Schulleitungen nicht in den n\u00e4chsten Jahren leichtfertig abgeschmolzen wird. Denn schon jetzt k\u00f6nnen viele Schulleitungs- und Konrektorenstellen nicht mehr besetzt werden. Deren H\u00f6herstufung bei der Besoldung darf deshalb nicht auf die lange Bank geschoben werden. Es ist daher bedauerlich, dass CSU und Freie W\u00e4hler unseren Antrag abgelehnt haben.<\/p>\n<p>Neben den Funktionstr\u00e4gerinnen und -tr\u00e4gern sollten aber auch alle weiteren Leistungstr\u00e4gerinnen und -tr\u00e4ger an unseren Schulen honoriert werden k\u00f6nnen. Besonders gute Lehrkr\u00e4fte verdienen mehr! Mit der Gesetzes\u00e4nderung gibt es hier aber keine solche Bef\u00f6rderungsm\u00f6glichkeit mehr. Wir fordern deshalb auch die M\u00f6glichkeit einer Leistungszulage.<\/p>\n<p>Erst vor wenigen Wochen hat Markus S\u00f6der beim BLLV eine solche Verbesserung in Aussicht gestellt. Doch seinen Worten aus dieser Wahlkampfrede sind bisher leider keine Taten gefolgt. Wir werden uns deshalb von Seiten der FDP-Fraktion umso entschiedener f\u00fcr mehr Leistungsgerechtigkeit an Bayerns Schulen einsetzen und die bayerische Staatsregierung hier nicht aus der Verantwortung\u00a0lassen!\u201c<\/p>\n<p>Hier finden Sie:<\/p>\n<ul>\n<li><a href=\"https:\/\/www.bayern.landtag.de\/webangebot2\/Vorgangsmappe?wp=18&amp;typ=V&amp;drsnr=29690&amp;intranet=#pagemode=bookmarks\">Den \u00c4nderungsantrag der FDP-Fraktion<\/a><\/li>\n<li><a href=\"https:\/\/www.fdpltby.de\/sites\/default\/files\/resolutions\/2023-07\/FDP-Papier%20Beste%20Lehrkr%C3%A4fte.pdf\">das FDP-Positionspapier zu Lehrkr\u00e4ften<\/a><\/li>\n<\/ul>\n","protected":false},"excerpt":{"rendered":"<p>Zu dem gestern Abend final beratenen Gesetzentwurf der Staatsregierung zur \u201e\u00c4nderung des Bayerischen Besoldungsgesetzes und des Bayerischen Beamtenversorgungsgesetzes\u201c bedauern die Landtagsliberalen, dass die Staatsregierung nicht bereit war, Lohn- und Leistungsgerechtigkeit [&#8230;]<\/p>\n","protected":false},"author":1,"featured_media":11200,"comment_status":"open","ping_status":"closed","sticky":false,"template":"","format":"standard","meta":{"footnotes":""},"categories":[68],"tags":[2824,322,2398,160],"class_list":["post-12515","post","type-post","status-publish","format-standard","has-post-thumbnail","hentry","category-digital","tag-besoldung","tag-fdp-bayern","tag-lehrkraefte","tag-matthias-fischbach"],"_links":{"self":[{"href":"https:\/\/fdp-aktiv.de\/blog\/wp-json\/wp\/v2\/posts\/12515","targetHints":{"allow":["GET"]}}],"collection":[{"href":"https:\/\/fdp-aktiv.de\/blog\/wp-json\/wp\/v2\/posts"}],"about":[{"href":"https:\/\/fdp-aktiv.de\/blog\/wp-json\/wp\/v2\/types\/post"}],"author":[{"embeddable":true,"href":"https:\/\/fdp-aktiv.de\/blog\/wp-json\/wp\/v2\/users\/1"}],"replies":[{"embeddable":true,"href":"https:\/\/fdp-aktiv.de\/blog\/wp-json\/wp\/v2\/comments?post=12515"}],"version-history":[{"count":1,"href":"https:\/\/fdp-aktiv.de\/blog\/wp-json\/wp\/v2\/posts\/12515\/revisions"}],"predecessor-version":[{"id":12516,"href":"https:\/\/fdp-aktiv.de\/blog\/wp-json\/wp\/v2\/posts\/12515\/revisions\/12516"}],"wp:featuredmedia":[{"embeddable":true,"href":"https:\/\/fdp-aktiv.de\/blog\/wp-json\/wp\/v2\/media\/11200"}],"wp:attachment":[{"href":"https:\/\/fdp-aktiv.de\/blog\/wp-json\/wp\/v2\/media?parent=12515"}],"wp:term":[{"taxonomy":"category","embeddable":true,"href":"https:\/\/fdp-aktiv.de\/blog\/wp-json\/wp\/v2\/categories?post=12515"},{"taxonomy":"post_tag","embeddable":true,"href":"https:\/\/fdp-aktiv.de\/blog\/wp-json\/wp\/v2\/tags?post=12515"}],"curies":[{"name":"wp","href":"https:\/\/api.w.org\/{rel}","templated":true}]}}