{"id":1252,"date":"2021-05-06T20:32:21","date_gmt":"2021-05-06T18:32:21","guid":{"rendered":"https:\/\/fdp-aktiv.de\/blog\/?p=1252"},"modified":"2021-05-06T20:32:33","modified_gmt":"2021-05-06T18:32:33","slug":"istanbul-konvention-landesregierung-hat-ein-umsetzungsproblem","status":"publish","type":"post","link":"https:\/\/fdp-aktiv.de\/blog\/2021\/05\/06\/istanbul-konvention-landesregierung-hat-ein-umsetzungsproblem\/","title":{"rendered":"Istanbul-Konvention: Landesregierung hat ein Umsetzungsproblem"},"content":{"rendered":"<div class=\"clearfix text-formatted field field--name-body field--type-text-with-summary field--label-hidden field__item\">\n<p><strong>FDP-Fraktion: Frauen, die Opfer von Gewalt werden, geb\u00fchrt die bestm\u00f6gliche Hilfe und Unterst\u00fctzung<\/strong><\/p>\n<p>Der Th\u00fcringer Landtag hat einen Antrag beraten, der die Landesregierung auffordert, eine Strategie gegen geschlechtsspezifische Gewalt zu erarbeiten. Dazu erkl\u00e4rt Robert-Martin Montag, Parlamentarischer Gesch\u00e4ftsf\u00fchrer der Freien Demokraten im Landtag:<\/p>\n<figure style=\"width: 790px\" class=\"wp-caption alignnone\"><img loading=\"lazy\" decoding=\"async\" class=\"n3VNCb\" src=\"https:\/\/www.thueringer-landtag.de\/uploads\/tx_tltpasta\/personImages\/detail\/728.jpg\" alt=\"Robert-Martin Montag | Th\u00fcringer Landtag\" width=\"790\" height=\"700\" data-noaft=\"1\" \/><figcaption class=\"wp-caption-text\">Robert-Martin Montag<\/figcaption><\/figure>\n<p>\u201eDaf\u00fcr, dass sich R2G den Kampf gegen Gewalt an Frauen und M\u00e4dchen auf die Fahnen schreibt, hat die Landesregierung in den drei Jahren seit Inkrafttreten der Istanbul-Konvention erschreckend wenig getan. Gem\u00e4\u00df der Konvention m\u00fcssten in Th\u00fcringen 287 Frauenhauspl\u00e4tze bereitstehen; es sind aber nur 141 Pl\u00e4tze. Kein einziger Platz ist barrierefrei erreichbar. Auch k\u00f6nnen die Frauenh\u00e4user keine Frauen mit Suchterkrankungen oder pflegebed\u00fcrftige Frauen aufnehmen.\u201c<\/p>\n<p>Die Freien Demokraten setzen sich gegen jede Form von Diskriminierung und Gewalt ein. Allen Opfern geb\u00fchrt die bestm\u00f6gliche Hilfe und Unterst\u00fctzung. Dazu geh\u00f6rt eine ausreichende, regional verteilte sowie am tats\u00e4chlichen Bedarf orientierte Anzahl an Frauenhauspl\u00e4tzen. Das Personal in den Schutzeinrichtungen muss in der Lage sein, den Bed\u00fcrfnissen aller Opfer auch im Hinblick auf spezialisierte Hilfe zu entsprechen.<\/p>\n<\/div>\n<h3>Quelle:<\/h3>\n<p>Presse fdpltth.de\u00a0 \u00a0&#8211;\u00a0 \u00a006.05.21\u00a0 \u00a0&#8211;\u00a0 \u00a011:40 Uhr<\/p>\n<p>&nbsp;<\/p>\n<h3>Weitere Themen:<\/h3>\n<ul>\n<li><a title=\"DJIR-SARAI: Maas h\u00e4tte Fehlverhalten Ankaras klarer benennen m\u00fcssen\" href=\"https:\/\/fdp-aktiv.de\/blog\/2021\/05\/06\/djir-sarai-maas-haette-fehlverhalten-ankaras-klarer-benennen-muessen\/\">DJIR-SARAI: Maas h\u00e4tte Fehlverhalten Ankaras klarer benennen m\u00fcssen<\/a><\/li>\n<\/ul>\n<p>&nbsp;<\/p>\n","protected":false},"excerpt":{"rendered":"<p>FDP-Fraktion: Frauen, die Opfer von Gewalt werden, geb\u00fchrt die bestm\u00f6gliche Hilfe und Unterst\u00fctzung Der Th\u00fcringer Landtag hat einen Antrag beraten, der die Landesregierung auffordert, eine Strategie gegen geschlechtsspezifische Gewalt zu [&#8230;]<\/p>\n","protected":false},"author":1,"featured_media":0,"comment_status":"open","ping_status":"closed","sticky":false,"template":"","format":"standard","meta":{"footnotes":""},"categories":[536],"tags":[712,346,711,710],"class_list":["post-1252","post","type-post","status-publish","format-standard","hentry","category-sicherheit","tag-frauen","tag-gewalt","tag-istanbul-konvention","tag-robert-martin-montag"],"_links":{"self":[{"href":"https:\/\/fdp-aktiv.de\/blog\/wp-json\/wp\/v2\/posts\/1252","targetHints":{"allow":["GET"]}}],"collection":[{"href":"https:\/\/fdp-aktiv.de\/blog\/wp-json\/wp\/v2\/posts"}],"about":[{"href":"https:\/\/fdp-aktiv.de\/blog\/wp-json\/wp\/v2\/types\/post"}],"author":[{"embeddable":true,"href":"https:\/\/fdp-aktiv.de\/blog\/wp-json\/wp\/v2\/users\/1"}],"replies":[{"embeddable":true,"href":"https:\/\/fdp-aktiv.de\/blog\/wp-json\/wp\/v2\/comments?post=1252"}],"version-history":[{"count":2,"href":"https:\/\/fdp-aktiv.de\/blog\/wp-json\/wp\/v2\/posts\/1252\/revisions"}],"predecessor-version":[{"id":1254,"href":"https:\/\/fdp-aktiv.de\/blog\/wp-json\/wp\/v2\/posts\/1252\/revisions\/1254"}],"wp:attachment":[{"href":"https:\/\/fdp-aktiv.de\/blog\/wp-json\/wp\/v2\/media?parent=1252"}],"wp:term":[{"taxonomy":"category","embeddable":true,"href":"https:\/\/fdp-aktiv.de\/blog\/wp-json\/wp\/v2\/categories?post=1252"},{"taxonomy":"post_tag","embeddable":true,"href":"https:\/\/fdp-aktiv.de\/blog\/wp-json\/wp\/v2\/tags?post=1252"}],"curies":[{"name":"wp","href":"https:\/\/api.w.org\/{rel}","templated":true}]}}