{"id":12550,"date":"2023-07-23T14:39:21","date_gmt":"2023-07-23T12:39:21","guid":{"rendered":"https:\/\/fdp-aktiv.de\/blog\/?p=12550"},"modified":"2024-05-15T06:52:29","modified_gmt":"2024-05-15T04:52:29","slug":"dr-naas-hessen-zum-wirtschaftswachstumsland-nummer-eins-machen","status":"publish","type":"post","link":"https:\/\/fdp-aktiv.de\/blog\/2023\/07\/23\/dr-naas-hessen-zum-wirtschaftswachstumsland-nummer-eins-machen\/","title":{"rendered":"DR. NAAS: Hessen zum Wirtschaftswachstumsland Nummer eins machen"},"content":{"rendered":"<div class=\"clearfix text-formatted field field--name-body field--type-text-with-summary field--label-hidden field__item\">\n<ul>\n<li><strong>Schwarz-Gr\u00fcn erreicht nur unterdurchschnittliches Wachstum<\/strong><\/li>\n<li><strong>H\u00fcrden f\u00fcr Unternehmertum abbauen<\/strong><\/li>\n<li><strong>Standortattraktivit\u00e4t und Infrastruktur st\u00e4rken<\/strong><\/li>\n<\/ul>\n<p>Anl\u00e4sslich der heutigen Plenardebatte \u00fcber die Zukunft Hessens sagt Dr. Stefan NAAS, stellvertretender Fraktionsvorsitzender und wirtschaftspolitischer Sprecher der Freien Demokraten im Hessischen Landtag: \u201eDie SPD hat Recht mit ihrer Aussage, dass in Hessen seit nahezu zehn Jahren keine <a href=\"https:\/\/fdp-aktiv.de\/blog\/2021\/01\/29\/fdp-forderung-wirtschaftspolitik\/\" data-internallinksmanager029f6b8e52c=\"10\" title=\"FDP Forderung Wirtschaftspolitik\" target=\"_blank\" rel=\"noopener\">Wirtschaftspolitik<\/a> stattfindet. Allerdings sind die von der SPD vorgeschlagenen Ans\u00e4tze auch keine ordentliche <a href=\"https:\/\/fdp-aktiv.de\/blog\/2021\/01\/29\/fdp-forderung-wirtschaftspolitik\/\" data-internallinksmanager029f6b8e52c=\"10\" title=\"FDP Forderung Wirtschaftspolitik\" target=\"_blank\" rel=\"noopener\">Wirtschaftspolitik<\/a>. Der Antrag sieht noch mehr B\u00fcrokratie, mehr Subventionen und weniger unternehmerische Freiheit vor. Das ist genau das Gegenteil von dem, was die hessische Wirtschaft braucht.\u201c Stattdessen m\u00fcsse auf Wachstum gesetzt werden, doch daran scheitere die hessische Landesregierung: \u201eMit Schwarz-Gr\u00fcn haben wir in sieben der vergangenen neun Jahre ein unterdurchschnittliches Wachstum erlebt.\u201c<\/p>\n<p>Naas fordert, Hessen mit wirksamen Ma\u00dfnahmen zum Wirtschaftswachstumsland Nummer eins zu machen: \u201eDas freie Unternehmertum muss gest\u00e4rkt werden. Gleichzeitig sollen H\u00fcrden wie b\u00fcrokratische und steuerliche Belastungen abgebaut werden. Au\u00dferdem ist es wichtig, dass die Standortattraktivit\u00e4t gest\u00e4rkt wird, um die besten Fachkr\u00e4fte nach Hessen zu holen. Es braucht eine zentrale Beh\u00f6rde, die digital arbeitet und sich ausschlie\u00dflich mit der Fachkr\u00e4fteeinwanderung besch\u00e4ftigt.\u201c F\u00fcr eine moderne Zukunft in Hessen sei es au\u00dferdem n\u00f6tig, die Landesverwaltung durch umfassende Digitalisierung ins aktuelle Jahrhundert zu holen. Naas betont au\u00dferdem, dass die Infrastruktur gest\u00e4rkt werden m\u00fcsse: \u201eF\u00fcr ein zukunftssicheres Land und einen Aufwind f\u00fcr die Wirtschaft braucht es eine Infrastrukturoffensive f\u00fcr Schiene, Stra\u00dfe, Glasfaser und 5G in ganz Hessen.\u201c<\/p>\n<\/div>\n","protected":false},"excerpt":{"rendered":"<p>Schwarz-Gr\u00fcn erreicht nur unterdurchschnittliches Wachstum H\u00fcrden f\u00fcr Unternehmertum abbauen Standortattraktivit\u00e4t und Infrastruktur st\u00e4rken Anl\u00e4sslich der heutigen Plenardebatte \u00fcber die Zukunft Hessens sagt Dr. Stefan NAAS, stellvertretender Fraktionsvorsitzender und wirtschaftspolitischer Sprecher [&#8230;]<\/p>\n","protected":false},"author":1,"featured_media":11567,"comment_status":"open","ping_status":"closed","sticky":false,"template":"","format":"standard","meta":{"footnotes":""},"categories":[8],"tags":[1302,635,4086],"class_list":["post-12550","post","type-post","status-publish","format-standard","has-post-thumbnail","hentry","category-wirtschaft","tag-dr-stefan-naas","tag-fdp-hessen","tag-wirtschaftswachstum"],"_links":{"self":[{"href":"https:\/\/fdp-aktiv.de\/blog\/wp-json\/wp\/v2\/posts\/12550","targetHints":{"allow":["GET"]}}],"collection":[{"href":"https:\/\/fdp-aktiv.de\/blog\/wp-json\/wp\/v2\/posts"}],"about":[{"href":"https:\/\/fdp-aktiv.de\/blog\/wp-json\/wp\/v2\/types\/post"}],"author":[{"embeddable":true,"href":"https:\/\/fdp-aktiv.de\/blog\/wp-json\/wp\/v2\/users\/1"}],"replies":[{"embeddable":true,"href":"https:\/\/fdp-aktiv.de\/blog\/wp-json\/wp\/v2\/comments?post=12550"}],"version-history":[{"count":1,"href":"https:\/\/fdp-aktiv.de\/blog\/wp-json\/wp\/v2\/posts\/12550\/revisions"}],"predecessor-version":[{"id":12555,"href":"https:\/\/fdp-aktiv.de\/blog\/wp-json\/wp\/v2\/posts\/12550\/revisions\/12555"}],"wp:featuredmedia":[{"embeddable":true,"href":"https:\/\/fdp-aktiv.de\/blog\/wp-json\/wp\/v2\/media\/11567"}],"wp:attachment":[{"href":"https:\/\/fdp-aktiv.de\/blog\/wp-json\/wp\/v2\/media?parent=12550"}],"wp:term":[{"taxonomy":"category","embeddable":true,"href":"https:\/\/fdp-aktiv.de\/blog\/wp-json\/wp\/v2\/categories?post=12550"},{"taxonomy":"post_tag","embeddable":true,"href":"https:\/\/fdp-aktiv.de\/blog\/wp-json\/wp\/v2\/tags?post=12550"}],"curies":[{"name":"wp","href":"https:\/\/api.w.org\/{rel}","templated":true}]}}