{"id":12650,"date":"2023-07-31T11:13:20","date_gmt":"2023-07-31T09:13:20","guid":{"rendered":"https:\/\/fdp-aktiv.de\/blog\/?p=12650"},"modified":"2023-07-31T11:13:20","modified_gmt":"2023-07-31T09:13:20","slug":"berlin-lars-f-lindemann-mdb-generalsekretaer-der-fdp-berlin-zu-medienberichten-wonach-der-bestand-an-sozialwohnungen-in-berlin-im-jahr-2022-um-4500-zurueckgegangen-ist","status":"publish","type":"post","link":"https:\/\/fdp-aktiv.de\/blog\/2023\/07\/31\/berlin-lars-f-lindemann-mdb-generalsekretaer-der-fdp-berlin-zu-medienberichten-wonach-der-bestand-an-sozialwohnungen-in-berlin-im-jahr-2022-um-4500-zurueckgegangen-ist\/","title":{"rendered":"BERLIN &#8211; Lars F. Lindemann MdB, Generalsekret\u00e4r der FDP Berlin, zu Medienberichten, wonach der Bestand an Sozialwohnungen in Berlin im Jahr 2022 um 4500 zur\u00fcckgegangen ist:"},"content":{"rendered":"<p>\u201eDer Berliner Senat vers\u00e4umt seit Jahren, den Bau von neuen Wohnungen voranzubringen. Bebauungen werden verschleppt, teils verabschiedet man sich komplett von neuen Bauvorhaben. Bauwillige Genossenschaften dagegen klagen, dass sie keine Grundst\u00fccke zum Bau von neuen und g\u00fcnstigen Wohnungen bekommen. Wenn zu wenig Wohnungen gebaut werden, dann fehlen nat\u00fcrlich auch Sozialwohnungen in Berlin. Besch\u00e4mend f\u00fcr die Stadt, da dieses Problem hausgemacht ist. Wir brauchen endlich eine gro\u00dffl\u00e4chige Neubauoffensive mit Wohnungsbaugesellschaften, Genossenschaften und Privaten. Auch m\u00fcssen die Genehmigungsverfahren vereinfacht und attraktiver werden. Statt Millionen an Steuergelder f\u00fcr Vorkaufsrechte und Milieuschutzgebiete zu verschleudern, m\u00fcssen wir eine zielgerichtete Subjektf\u00f6rderung f\u00fcr alle, die sie auch wirklich brauchen, einf\u00fchren.\u201c<\/p>\n","protected":false},"excerpt":{"rendered":"<p>\u201eDer Berliner Senat vers\u00e4umt seit Jahren, den Bau von neuen Wohnungen voranzubringen. Bebauungen werden verschleppt, teils verabschiedet man sich komplett von neuen Bauvorhaben. Bauwillige Genossenschaften dagegen klagen, dass sie keine [&#8230;]<\/p>\n","protected":false},"author":1,"featured_media":10345,"comment_status":"open","ping_status":"closed","sticky":false,"template":"","format":"standard","meta":{"footnotes":""},"categories":[207],"tags":[706,3242,3737],"class_list":["post-12650","post","type-post","status-publish","format-standard","has-post-thumbnail","hentry","category-familie-wohnen","tag-fdp-berlin","tag-lars-lindemann","tag-sozialwohnungen"],"_links":{"self":[{"href":"https:\/\/fdp-aktiv.de\/blog\/wp-json\/wp\/v2\/posts\/12650","targetHints":{"allow":["GET"]}}],"collection":[{"href":"https:\/\/fdp-aktiv.de\/blog\/wp-json\/wp\/v2\/posts"}],"about":[{"href":"https:\/\/fdp-aktiv.de\/blog\/wp-json\/wp\/v2\/types\/post"}],"author":[{"embeddable":true,"href":"https:\/\/fdp-aktiv.de\/blog\/wp-json\/wp\/v2\/users\/1"}],"replies":[{"embeddable":true,"href":"https:\/\/fdp-aktiv.de\/blog\/wp-json\/wp\/v2\/comments?post=12650"}],"version-history":[{"count":1,"href":"https:\/\/fdp-aktiv.de\/blog\/wp-json\/wp\/v2\/posts\/12650\/revisions"}],"predecessor-version":[{"id":12653,"href":"https:\/\/fdp-aktiv.de\/blog\/wp-json\/wp\/v2\/posts\/12650\/revisions\/12653"}],"wp:featuredmedia":[{"embeddable":true,"href":"https:\/\/fdp-aktiv.de\/blog\/wp-json\/wp\/v2\/media\/10345"}],"wp:attachment":[{"href":"https:\/\/fdp-aktiv.de\/blog\/wp-json\/wp\/v2\/media?parent=12650"}],"wp:term":[{"taxonomy":"category","embeddable":true,"href":"https:\/\/fdp-aktiv.de\/blog\/wp-json\/wp\/v2\/categories?post=12650"},{"taxonomy":"post_tag","embeddable":true,"href":"https:\/\/fdp-aktiv.de\/blog\/wp-json\/wp\/v2\/tags?post=12650"}],"curies":[{"name":"wp","href":"https:\/\/api.w.org\/{rel}","templated":true}]}}