{"id":12663,"date":"2023-08-01T10:06:16","date_gmt":"2023-08-01T08:06:16","guid":{"rendered":"https:\/\/fdp-aktiv.de\/blog\/?p=12663"},"modified":"2023-08-01T10:06:16","modified_gmt":"2023-08-01T08:06:16","slug":"saarland-mucker-industriestrompreis-keine-bruecke-sondern-markteingriff","status":"publish","type":"post","link":"https:\/\/fdp-aktiv.de\/blog\/2023\/08\/01\/saarland-mucker-industriestrompreis-keine-bruecke-sondern-markteingriff\/","title":{"rendered":"Saarland &#8211; Mucker: Industriestrompreis keine Br\u00fccke, sondern Markteingriff"},"content":{"rendered":"<p>Ministerpr\u00e4sidentin Rehlinger fordert kurzfristig einen Industriestrompreis und stellt sich damit an die Seite von Bundeswirtschaftsminister Habeck.<\/p>\n<p>Die FDP Saar lehnt das ab und sieht darin einen gef\u00e4hrlichen Eingriff in den Markt. Generalsekret\u00e4r Marcel Mucker: \u201eEin subventionierter Strompreis f\u00fcr die Industrie senkt diesen k\u00fcnstlich und vermeidet den Anreiz effizient zu produzieren. Gleichzeitig erh\u00f6ht er indirekt den Strompreis f\u00fcr alle privaten Verbraucher, da das Gut Strom durch den erh\u00f6hten Industrieverbrauch verknappt wird.<\/p>\n<p>Dass der verg\u00fcnstigte Preis als Br\u00fccke zu anderen Technologien dient, ist eine Illusion, da der Industriestrompreis alle Anreize f\u00fcr Innovationen k\u00fcnstlich entfernt. Dadurch entfallen die Anpassungen der Unternehmen an steigende Stromkosten. Sinnvoller w\u00e4re es die b\u00fcrokratischen H\u00fcrden bei der Genehmigung regenerativer Energien abzubauen und die Stromsteuer zu senken. Dar\u00fcberhinaus w\u00e4ren die Kosten f\u00fcr einen solchen Industriestrompreis erheblich. Die SPD Saar sollte bei ihrer <a href=\"https:\/\/fdp-aktiv.de\/blog\/2021\/01\/29\/fdp-forderung-wirtschaftspolitik\/\" data-internallinksmanager029f6b8e52c=\"10\" title=\"FDP Forderung Wirtschaftspolitik\" target=\"_blank\" rel=\"noopener\">Wirtschaftspolitik<\/a> nicht nur die Gro\u00dfindustrie im Blick haben. Der Industriestrompreis w\u00fcrde diese beg\u00fcnstigen und zu Lasten der kleinen und mittelst\u00e4ndigen Unternehmen gehen.\u201c<\/p>\n","protected":false},"excerpt":{"rendered":"<p>Ministerpr\u00e4sidentin Rehlinger fordert kurzfristig einen Industriestrompreis und stellt sich damit an die Seite von Bundeswirtschaftsminister Habeck. Die FDP Saar lehnt das ab und sieht darin einen gef\u00e4hrlichen Eingriff in den [&#8230;]<\/p>\n","protected":false},"author":1,"featured_media":5272,"comment_status":"open","ping_status":"closed","sticky":false,"template":"","format":"standard","meta":{"footnotes":""},"categories":[1979,8],"tags":[708,1631,1597,2604],"class_list":["post-12663","post","type-post","status-publish","format-standard","has-post-thumbnail","hentry","category-energie","category-wirtschaft","tag-fdp-saar","tag-industrie","tag-marcel-mucker","tag-strompreise"],"_links":{"self":[{"href":"https:\/\/fdp-aktiv.de\/blog\/wp-json\/wp\/v2\/posts\/12663","targetHints":{"allow":["GET"]}}],"collection":[{"href":"https:\/\/fdp-aktiv.de\/blog\/wp-json\/wp\/v2\/posts"}],"about":[{"href":"https:\/\/fdp-aktiv.de\/blog\/wp-json\/wp\/v2\/types\/post"}],"author":[{"embeddable":true,"href":"https:\/\/fdp-aktiv.de\/blog\/wp-json\/wp\/v2\/users\/1"}],"replies":[{"embeddable":true,"href":"https:\/\/fdp-aktiv.de\/blog\/wp-json\/wp\/v2\/comments?post=12663"}],"version-history":[{"count":1,"href":"https:\/\/fdp-aktiv.de\/blog\/wp-json\/wp\/v2\/posts\/12663\/revisions"}],"predecessor-version":[{"id":12664,"href":"https:\/\/fdp-aktiv.de\/blog\/wp-json\/wp\/v2\/posts\/12663\/revisions\/12664"}],"wp:featuredmedia":[{"embeddable":true,"href":"https:\/\/fdp-aktiv.de\/blog\/wp-json\/wp\/v2\/media\/5272"}],"wp:attachment":[{"href":"https:\/\/fdp-aktiv.de\/blog\/wp-json\/wp\/v2\/media?parent=12663"}],"wp:term":[{"taxonomy":"category","embeddable":true,"href":"https:\/\/fdp-aktiv.de\/blog\/wp-json\/wp\/v2\/categories?post=12663"},{"taxonomy":"post_tag","embeddable":true,"href":"https:\/\/fdp-aktiv.de\/blog\/wp-json\/wp\/v2\/tags?post=12663"}],"curies":[{"name":"wp","href":"https:\/\/api.w.org\/{rel}","templated":true}]}}