{"id":12670,"date":"2023-08-01T17:12:06","date_gmt":"2023-08-01T15:12:06","guid":{"rendered":"https:\/\/fdp-aktiv.de\/blog\/?p=12670"},"modified":"2023-08-01T17:53:10","modified_gmt":"2023-08-01T15:53:10","slug":"berlin-lars-f-lindemann-mdb-generalsekretaer-der-fdp-berlin-zu-den-steigenden-fluechtlingszahlen-in-berlin-und-den-damit-auftretenden-problemen-bei-der-versorgung","status":"publish","type":"post","link":"https:\/\/fdp-aktiv.de\/blog\/2023\/08\/01\/berlin-lars-f-lindemann-mdb-generalsekretaer-der-fdp-berlin-zu-den-steigenden-fluechtlingszahlen-in-berlin-und-den-damit-auftretenden-problemen-bei-der-versorgung\/","title":{"rendered":"BERLIN &#8211; Lars F. Lindemann MdB, Generalsekret\u00e4r der FDP Berlin, zu den steigenden Fl\u00fcchtlingszahlen in Berlin und den damit auftretenden Problemen bei der Versorgung:"},"content":{"rendered":"<p>\u201eDie zunehmenden Probleme bei der menschenw\u00fcrdigen Unterbringung von Gefl\u00fcchteten in Berlin sind zum gro\u00dfen Teil aus drei Gr\u00fcnden selbst gemacht: (1) haben dieser Senat und noch mehr seine Vorg\u00e4nger es durch falsche Priorit\u00e4tensetzung vers\u00e4umt, f\u00fcr ausreichend Wohnraum in der Stadt zu sorgen \u2013 und zwar f\u00fcr die Berlinerinnen und Berliner sowie die ankommenden Gefl\u00fcchteten. (2) provoziert der Senat eine \u00dcberlastung unserer Gesellschaft, indem er offensichtlich Ausreisepflichtige nicht in ihre Herkunftsl\u00e4nder zur\u00fcckf\u00fchrt, wie es rechtsstaatlicher Standard w\u00e4re und (3) tut der Senat wenig bis gar nichts, um illegale Migration zu verhindern oder zumindest einzud\u00e4mmen. Der CDU-gef\u00fchrte Senat muss dringend und kurzfristig alle drei Themen mit hoher Priorit\u00e4t angehen. Kai Wegner und seine Regierung riskieren ansonsten, den Geist der Humanit\u00e4t und Solidarit\u00e4t der Berlinerinnen und Berliner zu verspielen.\u201c<\/p>\n","protected":false},"excerpt":{"rendered":"<p>\u201eDie zunehmenden Probleme bei der menschenw\u00fcrdigen Unterbringung von Gefl\u00fcchteten in Berlin sind zum gro\u00dfen Teil aus drei Gr\u00fcnden selbst gemacht: (1) haben dieser Senat und noch mehr seine Vorg\u00e4nger es [&#8230;]<\/p>\n","protected":false},"author":1,"featured_media":10345,"comment_status":"open","ping_status":"closed","sticky":false,"template":"","format":"standard","meta":{"footnotes":""},"categories":[5],"tags":[706,3740,3242],"class_list":["post-12670","post","type-post","status-publish","format-standard","has-post-thumbnail","hentry","category-aussenpolitik","tag-fdp-berlin","tag-fluechtlingszahlen","tag-lars-lindemann"],"_links":{"self":[{"href":"https:\/\/fdp-aktiv.de\/blog\/wp-json\/wp\/v2\/posts\/12670","targetHints":{"allow":["GET"]}}],"collection":[{"href":"https:\/\/fdp-aktiv.de\/blog\/wp-json\/wp\/v2\/posts"}],"about":[{"href":"https:\/\/fdp-aktiv.de\/blog\/wp-json\/wp\/v2\/types\/post"}],"author":[{"embeddable":true,"href":"https:\/\/fdp-aktiv.de\/blog\/wp-json\/wp\/v2\/users\/1"}],"replies":[{"embeddable":true,"href":"https:\/\/fdp-aktiv.de\/blog\/wp-json\/wp\/v2\/comments?post=12670"}],"version-history":[{"count":1,"href":"https:\/\/fdp-aktiv.de\/blog\/wp-json\/wp\/v2\/posts\/12670\/revisions"}],"predecessor-version":[{"id":12673,"href":"https:\/\/fdp-aktiv.de\/blog\/wp-json\/wp\/v2\/posts\/12670\/revisions\/12673"}],"wp:featuredmedia":[{"embeddable":true,"href":"https:\/\/fdp-aktiv.de\/blog\/wp-json\/wp\/v2\/media\/10345"}],"wp:attachment":[{"href":"https:\/\/fdp-aktiv.de\/blog\/wp-json\/wp\/v2\/media?parent=12670"}],"wp:term":[{"taxonomy":"category","embeddable":true,"href":"https:\/\/fdp-aktiv.de\/blog\/wp-json\/wp\/v2\/categories?post=12670"},{"taxonomy":"post_tag","embeddable":true,"href":"https:\/\/fdp-aktiv.de\/blog\/wp-json\/wp\/v2\/tags?post=12670"}],"curies":[{"name":"wp","href":"https:\/\/api.w.org\/{rel}","templated":true}]}}