{"id":12671,"date":"2023-08-01T18:10:05","date_gmt":"2023-08-01T16:10:05","guid":{"rendered":"https:\/\/fdp-aktiv.de\/blog\/?p=12671"},"modified":"2023-08-01T18:10:05","modified_gmt":"2023-08-01T16:10:05","slug":"baden-wuerttemberg-reith-wirtschaftsflaute-verlangt-aktive-reformen-auch-auf-landesebene-anstatt-leerer-worthuelsen-und-fingerzeigerei","status":"publish","type":"post","link":"https:\/\/fdp-aktiv.de\/blog\/2023\/08\/01\/baden-wuerttemberg-reith-wirtschaftsflaute-verlangt-aktive-reformen-auch-auf-landesebene-anstatt-leerer-worthuelsen-und-fingerzeigerei\/","title":{"rendered":"Baden-W\u00fcrttemberg &#8211; Reith: Wirtschaftsflaute verlangt aktive Reformen auch auf Landesebene anstatt leerer Worth\u00fclsen und Fingerzeigerei"},"content":{"rendered":"<p>Forderungen an andere bei Verzicht auf eigenes Handeln kommt einer Kapitulation gleich<\/p>\n<p><strong>Niko Reith, wirtschaftspolitischer Sprecher <\/strong>der FDP\/DVP-Fraktion im Landtag von Baden-W\u00fcrttemberg, kommentiert die Aussagen der Ministerin f\u00fcr Wirtschaft in Baden-W\u00fcrttemberg, Dr. Nicole Hoffmeister-Kraut, zur stagnierenden Konjunktur in Deutschland, wie folgt:<\/p>\n<p>\u201eDeutschlands Wirtschaft stagniert \u2013 und die Ministerin f\u00fcr Wirtschaft im Land, Dr. Hoffmeister-Kraut, verliert sich in leeren Worten und fordert pl\u00f6tzlich L\u00f6sungen, Entlastungen und mehr Investitionen. Sie zeigt mal wieder mit dem Finger auf andere. Dabei ist es doch sie, die gestalten kann und in der Regierungsverantwortung steht! Dass sie jetzt nur wieder redet, anstatt zu handeln, kommt einer Kapitulation und Eingest\u00e4ndnis der eigenen Ideenlosigkeit gleich.<\/p>\n<p>Ich sage daher: Kommen Sie Ihrer Regierungsverantwortung nach! Stoppen Sie das Landestariftreuegesetz! Entschlacken Sie die Vergabeverordnung! Reformieren Sie das Bildungszeitgesetz! Bauen Sie endlich B\u00fcrokratie ab! Es liegt in Ihrer Hand! Rufen Sie nicht nach dem Bund, sondern kommen Sie ihrer Pflicht als Ministerin nach!\u201c<\/p>\n<p>&nbsp;<\/p>\n<p>&nbsp;<\/p>\n","protected":false},"excerpt":{"rendered":"<p>Forderungen an andere bei Verzicht auf eigenes Handeln kommt einer Kapitulation gleich Niko Reith, wirtschaftspolitischer Sprecher der FDP\/DVP-Fraktion im Landtag von Baden-W\u00fcrttemberg, kommentiert die Aussagen der Ministerin f\u00fcr Wirtschaft in [&#8230;]<\/p>\n","protected":false},"author":1,"featured_media":6150,"comment_status":"open","ping_status":"closed","sticky":false,"template":"","format":"standard","meta":{"footnotes":""},"categories":[8],"tags":[650,2504],"class_list":["post-12671","post","type-post","status-publish","format-standard","has-post-thumbnail","hentry","category-wirtschaft","tag-fdp-dvp","tag-niko-reith"],"_links":{"self":[{"href":"https:\/\/fdp-aktiv.de\/blog\/wp-json\/wp\/v2\/posts\/12671","targetHints":{"allow":["GET"]}}],"collection":[{"href":"https:\/\/fdp-aktiv.de\/blog\/wp-json\/wp\/v2\/posts"}],"about":[{"href":"https:\/\/fdp-aktiv.de\/blog\/wp-json\/wp\/v2\/types\/post"}],"author":[{"embeddable":true,"href":"https:\/\/fdp-aktiv.de\/blog\/wp-json\/wp\/v2\/users\/1"}],"replies":[{"embeddable":true,"href":"https:\/\/fdp-aktiv.de\/blog\/wp-json\/wp\/v2\/comments?post=12671"}],"version-history":[{"count":1,"href":"https:\/\/fdp-aktiv.de\/blog\/wp-json\/wp\/v2\/posts\/12671\/revisions"}],"predecessor-version":[{"id":12674,"href":"https:\/\/fdp-aktiv.de\/blog\/wp-json\/wp\/v2\/posts\/12671\/revisions\/12674"}],"wp:featuredmedia":[{"embeddable":true,"href":"https:\/\/fdp-aktiv.de\/blog\/wp-json\/wp\/v2\/media\/6150"}],"wp:attachment":[{"href":"https:\/\/fdp-aktiv.de\/blog\/wp-json\/wp\/v2\/media?parent=12671"}],"wp:term":[{"taxonomy":"category","embeddable":true,"href":"https:\/\/fdp-aktiv.de\/blog\/wp-json\/wp\/v2\/categories?post=12671"},{"taxonomy":"post_tag","embeddable":true,"href":"https:\/\/fdp-aktiv.de\/blog\/wp-json\/wp\/v2\/tags?post=12671"}],"curies":[{"name":"wp","href":"https:\/\/api.w.org\/{rel}","templated":true}]}}