{"id":12675,"date":"2023-08-02T11:22:10","date_gmt":"2023-08-02T09:22:10","guid":{"rendered":"https:\/\/fdp-aktiv.de\/blog\/?p=12675"},"modified":"2023-08-02T11:22:10","modified_gmt":"2023-08-02T09:22:10","slug":"baden-wuerttemberg-ruelke-es-ist-scheinheilig-wenn-herr-kretschmann-vor-kulturkaempfen-warnt","status":"publish","type":"post","link":"https:\/\/fdp-aktiv.de\/blog\/2023\/08\/02\/baden-wuerttemberg-ruelke-es-ist-scheinheilig-wenn-herr-kretschmann-vor-kulturkaempfen-warnt\/","title":{"rendered":"Baden-W\u00fcrttemberg &#8211; R\u00fclke: Es ist scheinheilig, wenn Herr Kretschmann vor Kulturk\u00e4mpfen warnt"},"content":{"rendered":"<p>Kinder wollen sich mit anderen messen, wollen wissen, welche Leistung sie erbringen und sollen durch den Sport auf das Leben vorbereitet werden<\/p>\n<p>Zur Meldung, dass die Bundesjugendspiele reformiert werden sollen, hin zu weniger Leistungsdruck, sagte der Vorsitzende der FDP\/DVP-Landtagsfraktion, <strong>Dr. Hans-Ulrich R\u00fclke<\/strong>:<\/p>\n<p>\u201eIch halte diese Ver\u00e4nderung f\u00fcr uns\u00e4glich. Kinder wollen sich mit anderen messen. Kinder wollen wissen, welche Leistung sie erbringen. Kinder sollen durch den Sport auf das Leben vorbereitet werden.<\/p>\n<p>Es ist scheinheilig, wenn Herr Kretschmann vor Kulturk\u00e4mpfen warnt. Genau das tun die Gr\u00fcnen. Sie wollen eine andere Gesellschaft und f\u00fchren daf\u00fcr einen Kulturkampf. Und wenn sich jemand wehrt, dann wird der als Kulturk\u00e4mpfer verunglimpft.\u201c<\/p>\n<p>&nbsp;<\/p>\n","protected":false},"excerpt":{"rendered":"<p>Kinder wollen sich mit anderen messen, wollen wissen, welche Leistung sie erbringen und sollen durch den Sport auf das Leben vorbereitet werden Zur Meldung, dass die Bundesjugendspiele reformiert werden sollen, [&#8230;]<\/p>\n","protected":false},"author":1,"featured_media":1526,"comment_status":"open","ping_status":"closed","sticky":false,"template":"","format":"standard","meta":{"footnotes":""},"categories":[546],"tags":[842,650],"class_list":["post-12675","post","type-post","status-publish","format-standard","has-post-thumbnail","hentry","category-kultur-kunst","tag-dr-hans-ulrich-ruelke","tag-fdp-dvp"],"_links":{"self":[{"href":"https:\/\/fdp-aktiv.de\/blog\/wp-json\/wp\/v2\/posts\/12675","targetHints":{"allow":["GET"]}}],"collection":[{"href":"https:\/\/fdp-aktiv.de\/blog\/wp-json\/wp\/v2\/posts"}],"about":[{"href":"https:\/\/fdp-aktiv.de\/blog\/wp-json\/wp\/v2\/types\/post"}],"author":[{"embeddable":true,"href":"https:\/\/fdp-aktiv.de\/blog\/wp-json\/wp\/v2\/users\/1"}],"replies":[{"embeddable":true,"href":"https:\/\/fdp-aktiv.de\/blog\/wp-json\/wp\/v2\/comments?post=12675"}],"version-history":[{"count":1,"href":"https:\/\/fdp-aktiv.de\/blog\/wp-json\/wp\/v2\/posts\/12675\/revisions"}],"predecessor-version":[{"id":12676,"href":"https:\/\/fdp-aktiv.de\/blog\/wp-json\/wp\/v2\/posts\/12675\/revisions\/12676"}],"wp:featuredmedia":[{"embeddable":true,"href":"https:\/\/fdp-aktiv.de\/blog\/wp-json\/wp\/v2\/media\/1526"}],"wp:attachment":[{"href":"https:\/\/fdp-aktiv.de\/blog\/wp-json\/wp\/v2\/media?parent=12675"}],"wp:term":[{"taxonomy":"category","embeddable":true,"href":"https:\/\/fdp-aktiv.de\/blog\/wp-json\/wp\/v2\/categories?post=12675"},{"taxonomy":"post_tag","embeddable":true,"href":"https:\/\/fdp-aktiv.de\/blog\/wp-json\/wp\/v2\/tags?post=12675"}],"curies":[{"name":"wp","href":"https:\/\/api.w.org\/{rel}","templated":true}]}}