{"id":1273,"date":"2021-05-09T11:59:30","date_gmt":"2021-05-09T09:59:30","guid":{"rendered":"https:\/\/fdp-aktiv.de\/blog\/?p=1273"},"modified":"2021-08-25T08:16:12","modified_gmt":"2021-08-25T06:16:12","slug":"hongkong%e2%80%8b-ist-das-neue-westberlin","status":"publish","type":"post","link":"https:\/\/fdp-aktiv.de\/blog\/2021\/05\/09\/hongkong%e2%80%8b-ist-das-neue-westberlin\/","title":{"rendered":"Hongkong\u200b ist das neue Westberlin!"},"content":{"rendered":"<figure id=\"attachment_1274\" aria-describedby=\"caption-attachment-1274\" style=\"width: 800px\" class=\"wp-caption alignnone\"><img loading=\"lazy\" decoding=\"async\" class=\"size-large wp-image-1274\" src=\"https:\/\/fdp-aktiv.de\/blog\/wp-content\/uploads\/2021\/05\/2021-05-09-11_54_58-310-Hongkong-ist-das-neue-Westberlin-YouTube-1024x560.png\" alt=\"\" width=\"800\" height=\"438\" srcset=\"https:\/\/fdp-aktiv.de\/blog\/wp-content\/uploads\/2021\/05\/2021-05-09-11_54_58-310-Hongkong-ist-das-neue-Westberlin-YouTube-1024x560.png 1024w, https:\/\/fdp-aktiv.de\/blog\/wp-content\/uploads\/2021\/05\/2021-05-09-11_54_58-310-Hongkong-ist-das-neue-Westberlin-YouTube-300x164.png 300w, https:\/\/fdp-aktiv.de\/blog\/wp-content\/uploads\/2021\/05\/2021-05-09-11_54_58-310-Hongkong-ist-das-neue-Westberlin-YouTube-768x420.png 768w, https:\/\/fdp-aktiv.de\/blog\/wp-content\/uploads\/2021\/05\/2021-05-09-11_54_58-310-Hongkong-ist-das-neue-Westberlin-YouTube.png 1098w\" sizes=\"auto, (max-width: 800px) 100vw, 800px\" \/><figcaption id=\"caption-attachment-1274\" class=\"wp-caption-text\">Gyde Jensen<\/figcaption><\/figure>\n<p><span class=\"style-scope yt-formatted-string\" dir=\"auto\">\u201eJoshua Wong wurde erneut innerhalb weniger Monate verurteilt. Wir m\u00fcssen davon ausgehen, dass sich die Kommunistische Partei neue Vorw\u00fcrfe gegen ihn ausdenken wird, um ihn weiter hinter Gitter zu halten. Joshua opfert seine pers\u00f6nliche Freiheit, seine Lebenszeit, weil er daran glaubt, dass Freiheits-, Grundrechte, Rechtsstaatlichkeit und Demokratie in Hongkong eine Zukunft haben k\u00f6nnen. Joshua steht stellvertretend f\u00fcr so viele tausende Gesichter in dieser Hongkonger Freiheitsbewegung.<\/span><\/p>\n<p><iframe loading=\"lazy\" title=\"#Hongkong ist das neue Westberlin!\" width=\"800\" height=\"450\" src=\"https:\/\/www.youtube.com\/embed\/3iFdVlyvKuE?feature=oembed\" frameborder=\"0\" allow=\"accelerometer; autoplay; clipboard-write; encrypted-media; gyroscope; picture-in-picture\" allowfullscreen><\/iframe><\/p>\n<p><span class=\"style-scope yt-formatted-string\" dir=\"auto\">Wenn er schreibt, dass Hongkong das neue Westberlin sei. Dann will er uns damit sagen, dass sich in Hongkong der globale Werte- und Systemwettbewerb unserer Zeit kristallisiert. Da geht es um jeden Meter, den der autokratische digitale \u00dcberwachungsstaat der Kommunistischen Partei Chinas an Einfluss gewinnt. F\u00fcr uns, f\u00fcr die Weltgemeinschaft geht es hier um die Verteidigung unserer Werte und unserer liberalen Ordnung. F\u00fcr die Menschen in Hongkong geht es um alles. <\/span><\/p>\n<p><span class=\"style-scope yt-formatted-string\" dir=\"auto\">Von den warmen Worten sehen wir nichts in den Antr\u00e4gen der Union und SPD! Wir als FDP w\u00fcrden gerne von den Regierungsfraktionen wissen, ob sie das Thema so wenig interessiert, dass sie nicht in der Lage sind etwas Eigenes vorzubringen. Aus den Regierungsfraktionen kommt nicht mehr als warme Worte. Das ist peinlich f\u00fcr den Bundestag\u201c, so unsere menschenrechtspolitische Sprecherin Gyde Jensen in der Debatte zu <\/span><a class=\"yt-simple-endpoint style-scope yt-formatted-string\" dir=\"auto\" spellcheck=\"false\" href=\"https:\/\/www.youtube.com\/hashtag\/hongkong\">#Hongkong<\/a><span class=\"style-scope yt-formatted-string\" dir=\"auto\">\u200b<\/span><span class=\"style-scope yt-formatted-string\" dir=\"auto\"> im Deutschen <\/span><a class=\"yt-simple-endpoint style-scope yt-formatted-string\" dir=\"auto\" spellcheck=\"false\" href=\"https:\/\/www.youtube.com\/hashtag\/bundestag\">#Bundestag<\/a><span class=\"style-scope yt-formatted-string\" dir=\"auto\">\u200b<\/span><span class=\"style-scope yt-formatted-string\" dir=\"auto\">. <\/span><a class=\"yt-simple-endpoint style-scope yt-formatted-string\" dir=\"auto\" spellcheck=\"false\" href=\"https:\/\/www.youtube.com\/hashtag\/wong\">#Wong<\/a><span class=\"style-scope yt-formatted-string\" dir=\"auto\">\u200b<\/span><\/p>\n<p><span class=\"style-scope yt-formatted-string\" dir=\"auto\">Unseren Antrag k\u00f6nnt Ihr hier nachlesen:<\/span><\/p>\n<p><a class=\"yt-simple-endpoint style-scope yt-formatted-string\" dir=\"auto\" spellcheck=\"false\" href=\"https:\/\/www.youtube.com\/redirect?event=video_description&amp;redir_token=QUFFLUhqbkxPcTVCS2E0dU1aRGZyYmRoWTlhOFRnYkZTQXxBQ3Jtc0tuWlpJUF9fclI5V2pLcVhzUTZmU2JTQk11cHhMR1E2Qzh2VHR4ZHJ0dW5KYjBncFdhQmRuVDJhd3pmV2VnejV2UlFZVElPdmthdm5MZWtmeTI4emRwU1FjeDlzN2NWV1ViU0ZueFRDeUI0TDViZWFwWQ&amp;q=https%3A%2F%2Fwww.fdpbt.de%2Finitiative%2Fantrag-steigenden-repressionen-hongkong-entgegentreten-deutschen-und-europaeischen\" target=\"_blank\" rel=\"nofollow noopener\">https:\/\/www.fdpbt.de\/initiative\/antra&#8230;<\/a><\/p>\n<p><span class=\"style-scope yt-formatted-string\" dir=\"auto\">\u200b<\/span><\/p>\n","protected":false},"excerpt":{"rendered":"<p>\u201eJoshua Wong wurde erneut innerhalb weniger Monate verurteilt. Wir m\u00fcssen davon ausgehen, dass sich die Kommunistische Partei neue Vorw\u00fcrfe gegen ihn ausdenken wird, um ihn weiter hinter Gitter zu halten. [&#8230;]<\/p>\n","protected":false},"author":1,"featured_media":0,"comment_status":"open","ping_status":"closed","sticky":false,"template":"","format":"standard","meta":{"footnotes":""},"categories":[5],"tags":[725,907,724,723],"class_list":["post-1273","post","type-post","status-publish","format-standard","hentry","category-aussenpolitik","tag-demokratie","tag-fdp-aktiv","tag-hongkong","tag-joshua-wong"],"_links":{"self":[{"href":"https:\/\/fdp-aktiv.de\/blog\/wp-json\/wp\/v2\/posts\/1273","targetHints":{"allow":["GET"]}}],"collection":[{"href":"https:\/\/fdp-aktiv.de\/blog\/wp-json\/wp\/v2\/posts"}],"about":[{"href":"https:\/\/fdp-aktiv.de\/blog\/wp-json\/wp\/v2\/types\/post"}],"author":[{"embeddable":true,"href":"https:\/\/fdp-aktiv.de\/blog\/wp-json\/wp\/v2\/users\/1"}],"replies":[{"embeddable":true,"href":"https:\/\/fdp-aktiv.de\/blog\/wp-json\/wp\/v2\/comments?post=1273"}],"version-history":[{"count":1,"href":"https:\/\/fdp-aktiv.de\/blog\/wp-json\/wp\/v2\/posts\/1273\/revisions"}],"predecessor-version":[{"id":1275,"href":"https:\/\/fdp-aktiv.de\/blog\/wp-json\/wp\/v2\/posts\/1273\/revisions\/1275"}],"wp:attachment":[{"href":"https:\/\/fdp-aktiv.de\/blog\/wp-json\/wp\/v2\/media?parent=1273"}],"wp:term":[{"taxonomy":"category","embeddable":true,"href":"https:\/\/fdp-aktiv.de\/blog\/wp-json\/wp\/v2\/categories?post=1273"},{"taxonomy":"post_tag","embeddable":true,"href":"https:\/\/fdp-aktiv.de\/blog\/wp-json\/wp\/v2\/tags?post=1273"}],"curies":[{"name":"wp","href":"https:\/\/api.w.org\/{rel}","templated":true}]}}