{"id":12758,"date":"2023-08-09T11:50:29","date_gmt":"2023-08-09T09:50:29","guid":{"rendered":"https:\/\/fdp-aktiv.de\/blog\/?p=12758"},"modified":"2023-08-09T11:50:29","modified_gmt":"2023-08-09T09:50:29","slug":"saarland-luksic-grunderwerbsteuer-fuer-familien-senken-planen-und-bauen-vereinfachen","status":"publish","type":"post","link":"https:\/\/fdp-aktiv.de\/blog\/2023\/08\/09\/saarland-luksic-grunderwerbsteuer-fuer-familien-senken-planen-und-bauen-vereinfachen\/","title":{"rendered":"Saarland &#8211; Luksic: Grunderwerbsteuer f\u00fcr Familien senken, Planen und Bauen vereinfachen"},"content":{"rendered":"<div class=\"clearfix text-formatted field field--name-field-body field--type-text-long field--label-hidden field__item\">\n<p>Der saarl\u00e4ndische FDP-Landesvorsitzende Oliver Luksic (MdB) fordert von der Landesregierung entschlossene Schritte bei der Grunderwerbsteuerreform und erwartet Initiativen, um Planen und Bauen zu vereinfachen und f\u00fcr Familien bezahlbar zu machen.<\/p>\n<p>\u201eDie aktuellen Entwicklungen auf dem Wohnungsmarkt erfordern eine ma\u00dfgebliche Ver\u00e4nderung, um insbesondere jungen Familien den Erwerb von Wohneigentum zu erleichtern. Umso bedauerlicher ist es, dass auch das Saarland die vom Bundesfinanzminister vorgeschlagenen Ma\u00dfnahmen zur Senkung der Grunderwerbsteuer blockiert. Der Vorschlag von Bundesfinanzminister Christian Lindner f\u00fcr eine Grunderwerbsteuerreform ist ein erster Schritt in die richtige Richtung. Die M\u00f6glichkeit, den Steuersatz f\u00fcr selbst genutztes Eigentum unter das bisherige Minimum von 3,5 Prozent zu senken, w\u00fcrde vielen Familien eine dringend ben\u00f6tigte Entlastung bieten. Laut einer Analyse des Kieler Institut f\u00fcr Weltwirtschaft (IfW) kann eine niedrige Grunderwerbsteuer langfristig dazu beitragen, dass mehr gebaut wird.<\/p>\n<p>Die Baubranche steht vor gro\u00dfen Herausforderungen, die nicht l\u00e4nger ignoriert werden k\u00f6nnen. Wir ben\u00f6tigen einen umfassenden Landesentwicklungsplan, um die Raumplanung zu verbessern und den Bedarf an Wohnraum angemessen zu decken. Ebenso essentiell ist es, die Bauordnung zu entb\u00fcrokratisieren und Brandschutzvorgaben auch im Saarland vertr\u00e4glich zu gestalten, damit mehr Investitionen erm\u00f6glicht werden. Das Saarland sollte wie Rheinland-Pfalz auch ein breites Umbau- und Wohnungsbauprogramm auf den Weg bringen. Das Saarland sollte sich f\u00fcr bezahlbares Wohneigentum einsetzen, um insbesondere junge Familien zu entlasten.\u201c, so FDP-Chef Luksic.<\/p>\n<p>&nbsp;<\/p>\n<\/div>\n","protected":false},"excerpt":{"rendered":"<p>Der saarl\u00e4ndische FDP-Landesvorsitzende Oliver Luksic (MdB) fordert von der Landesregierung entschlossene Schritte bei der Grunderwerbsteuerreform und erwartet Initiativen, um Planen und Bauen zu vereinfachen und f\u00fcr Familien bezahlbar zu machen. [&#8230;]<\/p>\n","protected":false},"author":1,"featured_media":1485,"comment_status":"open","ping_status":"closed","sticky":false,"template":"","format":"standard","meta":{"footnotes":""},"categories":[207,55],"tags":[708,2114,762],"class_list":["post-12758","post","type-post","status-publish","format-standard","has-post-thumbnail","hentry","category-familie-wohnen","category-finanzen","tag-fdp-saar","tag-grunderwerbsteuer","tag-oliver-luksic"],"_links":{"self":[{"href":"https:\/\/fdp-aktiv.de\/blog\/wp-json\/wp\/v2\/posts\/12758","targetHints":{"allow":["GET"]}}],"collection":[{"href":"https:\/\/fdp-aktiv.de\/blog\/wp-json\/wp\/v2\/posts"}],"about":[{"href":"https:\/\/fdp-aktiv.de\/blog\/wp-json\/wp\/v2\/types\/post"}],"author":[{"embeddable":true,"href":"https:\/\/fdp-aktiv.de\/blog\/wp-json\/wp\/v2\/users\/1"}],"replies":[{"embeddable":true,"href":"https:\/\/fdp-aktiv.de\/blog\/wp-json\/wp\/v2\/comments?post=12758"}],"version-history":[{"count":1,"href":"https:\/\/fdp-aktiv.de\/blog\/wp-json\/wp\/v2\/posts\/12758\/revisions"}],"predecessor-version":[{"id":12761,"href":"https:\/\/fdp-aktiv.de\/blog\/wp-json\/wp\/v2\/posts\/12758\/revisions\/12761"}],"wp:featuredmedia":[{"embeddable":true,"href":"https:\/\/fdp-aktiv.de\/blog\/wp-json\/wp\/v2\/media\/1485"}],"wp:attachment":[{"href":"https:\/\/fdp-aktiv.de\/blog\/wp-json\/wp\/v2\/media?parent=12758"}],"wp:term":[{"taxonomy":"category","embeddable":true,"href":"https:\/\/fdp-aktiv.de\/blog\/wp-json\/wp\/v2\/categories?post=12758"},{"taxonomy":"post_tag","embeddable":true,"href":"https:\/\/fdp-aktiv.de\/blog\/wp-json\/wp\/v2\/tags?post=12758"}],"curies":[{"name":"wp","href":"https:\/\/api.w.org\/{rel}","templated":true}]}}