{"id":12771,"date":"2023-08-10T04:53:31","date_gmt":"2023-08-10T02:53:31","guid":{"rendered":"https:\/\/fdp-aktiv.de\/blog\/?p=12771"},"modified":"2023-08-10T04:53:31","modified_gmt":"2023-08-10T02:53:31","slug":"berlin-christoph-meyer-mdb-landesvorsitzender-der-fdp-berlin-zur-forderung-von-finanzsenator-evers-cdu-zur-aussetzung-der-schuldenbremse","status":"publish","type":"post","link":"https:\/\/fdp-aktiv.de\/blog\/2023\/08\/10\/berlin-christoph-meyer-mdb-landesvorsitzender-der-fdp-berlin-zur-forderung-von-finanzsenator-evers-cdu-zur-aussetzung-der-schuldenbremse\/","title":{"rendered":"BERLIN &#8211; Christoph Meyer MdB, Landesvorsitzender der FDP Berlin, zur Forderung von Finanzsenator Evers (CDU) zur Aussetzung der Schuldenbremse:"},"content":{"rendered":"<p>\u201eKizeltepe, Wegner, Giffey und nun auch Evers &#8211; alle mit der absurden Forderung, die Schuldenbremse auszusetzen. Dieser Senat macht es sich zu einfach. &#8220;W\u00fcnsch-Dir-Was-Projekte&#8221; und Sinnlosausgaben fressen den Haushalt Berlins auf. Und um die dringend n\u00f6tige Haushaltskonsolidierung k\u00fcmmert sich niemand mehr. Es macht den Eindruck, dass der \u201eRote Kai\u201c und sein Finanzsenator mit ihren unausgegorenen Vorschl\u00e4gen von der schieren Angst getrieben sind, weil ihr Sonderverm\u00f6gen Klimaschutz offensichtlich gegen die Schuldenbremse verst\u00f6\u00dft und damit verfassungswidrig ist. Und nun versucht eine CDU-gef\u00fchrte Landesregierung auf die ganz billige Tour, den Verfassungsbruch noch irgendwie zu umschiffen. Das ist nur noch peinlich. Mit dieser links-gr\u00fcnen Ausgabenpolitik muss Schluss sein. Dass ein Finanzsenator hier nicht gegenwirkt und zu Ausgabendisziplin mahnt, macht sprachlos. Vielleicht hat Evers noch nicht verstanden: Die Hauptstadt hat kein Einnahmen-, sondern ein Ausgabenproblem. Wenn der Finanzsenator dieses Einmaleins der Haushaltspolitik nicht verstanden hat, dann ist er der Falsche f\u00fcr diesen Posten.\u201c<\/p>\n<p>&nbsp;<\/p>\n","protected":false},"excerpt":{"rendered":"<p>\u201eKizeltepe, Wegner, Giffey und nun auch Evers &#8211; alle mit der absurden Forderung, die Schuldenbremse auszusetzen. Dieser Senat macht es sich zu einfach. &#8220;W\u00fcnsch-Dir-Was-Projekte&#8221; und Sinnlosausgaben fressen den Haushalt Berlins [&#8230;]<\/p>\n","protected":false},"author":1,"featured_media":5300,"comment_status":"open","ping_status":"closed","sticky":false,"template":"","format":"standard","meta":{"footnotes":""},"categories":[55],"tags":[2322,706,191],"class_list":["post-12771","post","type-post","status-publish","format-standard","has-post-thumbnail","hentry","category-finanzen","tag-christoph-meyer","tag-fdp-berlin","tag-schuldenbremse"],"_links":{"self":[{"href":"https:\/\/fdp-aktiv.de\/blog\/wp-json\/wp\/v2\/posts\/12771","targetHints":{"allow":["GET"]}}],"collection":[{"href":"https:\/\/fdp-aktiv.de\/blog\/wp-json\/wp\/v2\/posts"}],"about":[{"href":"https:\/\/fdp-aktiv.de\/blog\/wp-json\/wp\/v2\/types\/post"}],"author":[{"embeddable":true,"href":"https:\/\/fdp-aktiv.de\/blog\/wp-json\/wp\/v2\/users\/1"}],"replies":[{"embeddable":true,"href":"https:\/\/fdp-aktiv.de\/blog\/wp-json\/wp\/v2\/comments?post=12771"}],"version-history":[{"count":1,"href":"https:\/\/fdp-aktiv.de\/blog\/wp-json\/wp\/v2\/posts\/12771\/revisions"}],"predecessor-version":[{"id":12773,"href":"https:\/\/fdp-aktiv.de\/blog\/wp-json\/wp\/v2\/posts\/12771\/revisions\/12773"}],"wp:featuredmedia":[{"embeddable":true,"href":"https:\/\/fdp-aktiv.de\/blog\/wp-json\/wp\/v2\/media\/5300"}],"wp:attachment":[{"href":"https:\/\/fdp-aktiv.de\/blog\/wp-json\/wp\/v2\/media?parent=12771"}],"wp:term":[{"taxonomy":"category","embeddable":true,"href":"https:\/\/fdp-aktiv.de\/blog\/wp-json\/wp\/v2\/categories?post=12771"},{"taxonomy":"post_tag","embeddable":true,"href":"https:\/\/fdp-aktiv.de\/blog\/wp-json\/wp\/v2\/tags?post=12771"}],"curies":[{"name":"wp","href":"https:\/\/api.w.org\/{rel}","templated":true}]}}