{"id":12774,"date":"2023-08-10T04:56:03","date_gmt":"2023-08-10T02:56:03","guid":{"rendered":"https:\/\/fdp-aktiv.de\/blog\/?p=12774"},"modified":"2023-08-10T04:56:03","modified_gmt":"2023-08-10T02:56:03","slug":"baden-wuerttemberg-scheerer-schnelle-asylverfahren-konsequente-abschiebungen","status":"publish","type":"post","link":"https:\/\/fdp-aktiv.de\/blog\/2023\/08\/10\/baden-wuerttemberg-scheerer-schnelle-asylverfahren-konsequente-abschiebungen\/","title":{"rendered":"Baden-W\u00fcrttemberg &#8211; Scheerer: Schnelle Asylverfahren, konsequente Abschiebungen"},"content":{"rendered":"<p>Die hohe Zahl nicht vollziehbarer Ausreisen kostet den Staat Unsummen<\/p>\n<p>Zu aktuellen Medienberichten, wonach in diesem Jahr bislang rund 1.100 Abschiebungen durchgef\u00fchrt wurden, \u00e4u\u00dfert sich der migrationspolitische Sprecher der FDP\/DVP-Fraktion, <strong>Hans Dieter Scheerer<\/strong>, wie folgt:<\/p>\n<p>\u201eWir brauchen schnellstm\u00f6glich Klarheit dar\u00fcber, wer eine Bleibeperspektive in unserem Land hat, und wer nicht. Asylverfahren m\u00fcssen rechtssicher, aber effizient durchgef\u00fchrt werden.<\/p>\n<p>Wer keine Bleibeperspektive hat, Straftaten begeht oder anderweitig gegen die Gesellschaft arbeitet, der muss unser Land zeitnah wieder verlassen. Wir Freie Demokraten fordern schon seit langer Zeit, dass die Landesregierung bei der Durchf\u00fchrung vollziehbarer Abschiebungen effektiver werden muss. 35-40 % Erfolgsquote in den letzten Jahren sind einfach nicht genug.<\/p>\n<p>Weniger als 2.000 freiwilligen Ausreisen stehen mehr als 34.000 nicht vollziehbare Ausreisen gegen\u00fcber. Hier muss sich dringend etwas \u00e4ndern! Fehlende Ausweisdokumente oder Krankheit kosten den Staat in diesen F\u00e4llen Unsummen und z\u00f6gern die Abl\u00e4ufe nur hinaus. Das Geld w\u00e4re an anderer Stelle so viel sinnvoller aufgehoben.\u201c<\/p>\n","protected":false},"excerpt":{"rendered":"<p>Die hohe Zahl nicht vollziehbarer Ausreisen kostet den Staat Unsummen Zu aktuellen Medienberichten, wonach in diesem Jahr bislang rund 1.100 Abschiebungen durchgef\u00fchrt wurden, \u00e4u\u00dfert sich der migrationspolitische Sprecher der FDP\/DVP-Fraktion, [&#8230;]<\/p>\n","protected":false},"author":1,"featured_media":4401,"comment_status":"open","ping_status":"closed","sticky":false,"template":"","format":"standard","meta":{"footnotes":""},"categories":[5],"tags":[3741,3767,650,864],"class_list":["post-12774","post","type-post","status-publish","format-standard","has-post-thumbnail","hentry","category-aussenpolitik","tag-abschiebung","tag-asylverfahren","tag-fdp-dvp","tag-hans-dieter-scheerer"],"_links":{"self":[{"href":"https:\/\/fdp-aktiv.de\/blog\/wp-json\/wp\/v2\/posts\/12774","targetHints":{"allow":["GET"]}}],"collection":[{"href":"https:\/\/fdp-aktiv.de\/blog\/wp-json\/wp\/v2\/posts"}],"about":[{"href":"https:\/\/fdp-aktiv.de\/blog\/wp-json\/wp\/v2\/types\/post"}],"author":[{"embeddable":true,"href":"https:\/\/fdp-aktiv.de\/blog\/wp-json\/wp\/v2\/users\/1"}],"replies":[{"embeddable":true,"href":"https:\/\/fdp-aktiv.de\/blog\/wp-json\/wp\/v2\/comments?post=12774"}],"version-history":[{"count":1,"href":"https:\/\/fdp-aktiv.de\/blog\/wp-json\/wp\/v2\/posts\/12774\/revisions"}],"predecessor-version":[{"id":12776,"href":"https:\/\/fdp-aktiv.de\/blog\/wp-json\/wp\/v2\/posts\/12774\/revisions\/12776"}],"wp:featuredmedia":[{"embeddable":true,"href":"https:\/\/fdp-aktiv.de\/blog\/wp-json\/wp\/v2\/media\/4401"}],"wp:attachment":[{"href":"https:\/\/fdp-aktiv.de\/blog\/wp-json\/wp\/v2\/media?parent=12774"}],"wp:term":[{"taxonomy":"category","embeddable":true,"href":"https:\/\/fdp-aktiv.de\/blog\/wp-json\/wp\/v2\/categories?post=12774"},{"taxonomy":"post_tag","embeddable":true,"href":"https:\/\/fdp-aktiv.de\/blog\/wp-json\/wp\/v2\/tags?post=12774"}],"curies":[{"name":"wp","href":"https:\/\/api.w.org\/{rel}","templated":true}]}}