{"id":1288,"date":"2021-05-10T20:13:43","date_gmt":"2021-05-10T18:13:43","guid":{"rendered":"https:\/\/fdp-aktiv.de\/blog\/?p=1288"},"modified":"2021-05-11T22:31:48","modified_gmt":"2021-05-11T20:31:48","slug":"hillgriet-eilers-konkurrenz-aus-asien-endlich-etwas-entgegensetzen-schiffbauindustrie-braucht-klares-signal-der-maritimen-konferenz","status":"publish","type":"post","link":"https:\/\/fdp-aktiv.de\/blog\/2021\/05\/10\/hillgriet-eilers-konkurrenz-aus-asien-endlich-etwas-entgegensetzen-schiffbauindustrie-braucht-klares-signal-der-maritimen-konferenz\/","title":{"rendered":"Hillgriet Eilers: Konkurrenz aus Asien endlich etwas entgegensetzen &#8211; Schiffbauindustrie braucht klares Signal der Maritimen Konferenz"},"content":{"rendered":"<p><img decoding=\"async\" class=\"n3VNCb\" src=\"https:\/\/www.fdp-emden.de\/sites\/default\/files\/styles\/person\/public\/2020-06\/Hillgriet%20Eilers.jpg?itok=-Jcc1VAV\" alt=\"F\u00fcr eine liberale Politik in der Seehafenstadt | FDP Emden\" data-noaft=\"1\"><\/p>\n<p>An die heute gestartete Nationale Maritime Konferenz hat die schiffahrts- und hafenpolitische Sprecherin der nieders\u00e4chsischen FDP-Landtagsfraktion, Hillgriet Eilers, klare Erwartungen. Das Motto der Konferenz in Rostock laute zu Recht &#8220;Wirtschaft braucht Meer&#8221;, da rund 95 Prozent aller Warenverkehre in den H\u00e4fen anlanden. Gleichzeitig d\u00fcrfe jedoch auch der Schiffbau nicht aus den Augen verloren werden. &#8220;Von dem gr\u00f6\u00dften Treffen der maritimen Branche muss ein klares Signal insbesondere f\u00fcr unsere Schiffbauindustrie ausgehen.&nbsp;China hat sich zum Ziel gesetzt, den Schiffbau und die Logistikstandorte weltweit zu dominieren. Es muss deshalb gelingen, eine europ\u00e4ische Strategie zu entwerfen und konsequent durchzuf\u00fchren, um Arbeitspl\u00e4tze und Kompetenzen auch an der norddeutschen K\u00fcste zu erhalten. Der Konkurrenz aus Asien, insbesondere aus China, muss endlich etwas entgegengesetzt werden&#8221;, fordert Eilers. Wenn es nicht endlich gelingen w\u00fcrde, die Rahmenbedingungen f\u00fcr den europ\u00e4ischen maritimen Sektor zu \u00fcberarbeiten und konkrete Ma\u00dfnahmen und zur F\u00f6rderung des Schiffbaus umzusetzen, w\u00fcrden die deutschen und somit auch die nieders\u00e4chsischen Werften nicht \u00fcberleben. Eilers: &#8220;Es ist h\u00f6chste Zeit, zu handeln! Wir d\u00fcrfen nicht l\u00e4nger sehenden Auges den Wettbewerbern unsere M\u00e4rkte feilbieten. Die Maritime Konferenz muss hier ein deutliches Signal aussenden.&#8221;<\/p>\n<p><em><strong>Hintergrund<\/strong>: Am heutigen Montag startet die zweit\u00e4gige &#8220;Nationale Maritime Konferenz 2021&#8221;, eine Veranstaltungsreihe des Bundesministeriums f\u00fcr Wirtschaft und Energie zu maritimen Fragen und Interessen Deutschlands.<\/em><\/p>\n<p>&nbsp;<\/p>\n<h3>Quelle:<\/h3>\n<p><a href=\"https:\/\/www.fdp-fraktion-nds.de\">Presse FDP LT Niesersachsen<\/a>&nbsp; &nbsp;&#8211;&nbsp; &nbsp;10.05.21&nbsp; &nbsp;&#8211;&nbsp; &nbsp;20:10 Uhr<\/p>\n<p>&nbsp;<\/p>\n<p>&nbsp;<\/p>\n","protected":false},"excerpt":{"rendered":"<p>An die heute gestartete Nationale Maritime Konferenz hat die schiffahrts- und hafenpolitische Sprecherin der nieders\u00e4chsischen FDP-Landtagsfraktion, Hillgriet Eilers, klare Erwartungen. Das Motto der Konferenz in Rostock laute zu Recht &#8220;Wirtschaft [&#8230;]<\/p>\n","protected":false},"author":1,"featured_media":0,"comment_status":"open","ping_status":"closed","sticky":false,"template":"","format":"standard","meta":{"footnotes":""},"categories":[5,144,8],"tags":[734,638,732,733],"class_list":["post-1288","post","type-post","status-publish","format-standard","hentry","category-aussenpolitik","category-verkehr-innenpolitik","category-wirtschaft","tag-erwartungen","tag-fdp-nds","tag-hillgriet-eilers","tag-nationale-maritime-konferenz-2021"],"_links":{"self":[{"href":"https:\/\/fdp-aktiv.de\/blog\/wp-json\/wp\/v2\/posts\/1288","targetHints":{"allow":["GET"]}}],"collection":[{"href":"https:\/\/fdp-aktiv.de\/blog\/wp-json\/wp\/v2\/posts"}],"about":[{"href":"https:\/\/fdp-aktiv.de\/blog\/wp-json\/wp\/v2\/types\/post"}],"author":[{"embeddable":true,"href":"https:\/\/fdp-aktiv.de\/blog\/wp-json\/wp\/v2\/users\/1"}],"replies":[{"embeddable":true,"href":"https:\/\/fdp-aktiv.de\/blog\/wp-json\/wp\/v2\/comments?post=1288"}],"version-history":[{"count":2,"href":"https:\/\/fdp-aktiv.de\/blog\/wp-json\/wp\/v2\/posts\/1288\/revisions"}],"predecessor-version":[{"id":1296,"href":"https:\/\/fdp-aktiv.de\/blog\/wp-json\/wp\/v2\/posts\/1288\/revisions\/1296"}],"wp:attachment":[{"href":"https:\/\/fdp-aktiv.de\/blog\/wp-json\/wp\/v2\/media?parent=1288"}],"wp:term":[{"taxonomy":"category","embeddable":true,"href":"https:\/\/fdp-aktiv.de\/blog\/wp-json\/wp\/v2\/categories?post=1288"},{"taxonomy":"post_tag","embeddable":true,"href":"https:\/\/fdp-aktiv.de\/blog\/wp-json\/wp\/v2\/tags?post=1288"}],"curies":[{"name":"wp","href":"https:\/\/api.w.org\/{rel}","templated":true}]}}