{"id":12917,"date":"2023-08-22T09:32:24","date_gmt":"2023-08-22T07:32:24","guid":{"rendered":"https:\/\/fdp-aktiv.de\/blog\/?p=12917"},"modified":"2023-08-22T09:32:24","modified_gmt":"2023-08-22T07:32:24","slug":"baden-wuerttemberg-birnstock-gruen-schwarze-regierung-hat-keine-antwort-auf-kita-misere","status":"publish","type":"post","link":"https:\/\/fdp-aktiv.de\/blog\/2023\/08\/22\/baden-wuerttemberg-birnstock-gruen-schwarze-regierung-hat-keine-antwort-auf-kita-misere\/","title":{"rendered":"Baden-W\u00fcrttemberg &#8211; Birnstock: Gr\u00fcn-schwarze Regierung hat keine Antwort auf Kita-Misere"},"content":{"rendered":"<p>Statt die Ergebnisse der DKLK-Studie ernst zu nehmen, verharrt Landesregierung im Nichtstun<\/p>\n<p>Auf eine parlamentarischen Initiative der FDP\/DVP-Fraktion zu \u201eErgebnisse der DKLK-Studie zur Kita-Situation\u201c (Drucksache 17\/4895) liegt nun eine Antwort der Landesregierung vor. Unzufrieden damit zeigt sich der Sprecher f\u00fcr fr\u00fchkindliche Bildung, <strong>Dennis Birnstock, <\/strong>und sagt:<\/p>\n<p>\u201eAnstatt auf die desastr\u00f6sen Ergebnisse der DKLK-Studie mit klaren Ma\u00dfnahmen zu reagieren, verharrt die gr\u00fcn-schwarze Landesregierung im Nichtstun. So geht aus der Stellungnahme auf unseren Antrag hervor, dass die Landesregierung keine Antwort auf die Kita-Misere hat. Es gibt weder ein Konzept, wie angesichts des Fachkr\u00e4ftemangels der Rechtsanspruch auf Betreuung in Kitas und der kommende Rechtsanspruch auf Ganztagsbetreuung in Grundschulen ab 2026 gew\u00e4hrleistet werden soll. Noch gibt es eine Idee, wie den unter Dauerstress stehenden Fachkr\u00e4ften mehr Wertsch\u00e4tzung entgegengebracht oder wie diese im Beruf gehalten werden k\u00f6nnten. Stattdessen verweist die Landesregierung in alter Gewohnheit auf die Verantwortung der Tr\u00e4ger.<\/p>\n<p>Wir als FDP\/DVP-Fraktion fordern die Landesregierung auf, sich endlich ihrer Verantwortung zu stellen! Um den Kita-Fachkr\u00e4ften echte Wertsch\u00e4tzung auszudr\u00fccken, braucht es nicht nur eine Fortf\u00fchrung, sondern eine Erh\u00f6hung der Leitungszeit sowie den tats\u00e4chlichen \u2013 und damit vom Land mitfinanzierten \u2013 Einsatz von Verwaltungs- und Hauswirtschaftskr\u00e4ften und ein Ende der fortgef\u00fchrten Krisenma\u00dfnahmen mit zwei zus\u00e4tzlichen Kindern pro Gruppe.<\/p>\n<p>Die gr\u00fcne Bildungsministerin muss endlich den Ergebnissen der DKLK-Studie ins Auge blicken und angemessen reagieren. Immerhin versprach die Landesregierung, wissenschaftliche Studien in Gesetzen und Vorhaben selbstverst\u00e4ndlich zu ber\u00fccksichtigen. Es bleibt abzuwarten, ob sie Wort h\u00e4lt.\u201c<\/p>\n","protected":false},"excerpt":{"rendered":"<p>Statt die Ergebnisse der DKLK-Studie ernst zu nehmen, verharrt Landesregierung im Nichtstun Auf eine parlamentarischen Initiative der FDP\/DVP-Fraktion zu \u201eErgebnisse der DKLK-Studie zur Kita-Situation\u201c (Drucksache 17\/4895) liegt nun eine Antwort [&#8230;]<\/p>\n","protected":false},"author":1,"featured_media":11889,"comment_status":"open","ping_status":"closed","sticky":false,"template":"","format":"standard","meta":{"footnotes":""},"categories":[34],"tags":[746,3365,1810,650,382],"class_list":["post-12917","post","type-post","status-publish","format-standard","has-post-thumbnail","hentry","category-bildung","tag-dennis-birnstock","tag-dklk","tag-fachkraeftemangel","tag-fdp-dvp","tag-kita"],"_links":{"self":[{"href":"https:\/\/fdp-aktiv.de\/blog\/wp-json\/wp\/v2\/posts\/12917","targetHints":{"allow":["GET"]}}],"collection":[{"href":"https:\/\/fdp-aktiv.de\/blog\/wp-json\/wp\/v2\/posts"}],"about":[{"href":"https:\/\/fdp-aktiv.de\/blog\/wp-json\/wp\/v2\/types\/post"}],"author":[{"embeddable":true,"href":"https:\/\/fdp-aktiv.de\/blog\/wp-json\/wp\/v2\/users\/1"}],"replies":[{"embeddable":true,"href":"https:\/\/fdp-aktiv.de\/blog\/wp-json\/wp\/v2\/comments?post=12917"}],"version-history":[{"count":1,"href":"https:\/\/fdp-aktiv.de\/blog\/wp-json\/wp\/v2\/posts\/12917\/revisions"}],"predecessor-version":[{"id":12918,"href":"https:\/\/fdp-aktiv.de\/blog\/wp-json\/wp\/v2\/posts\/12917\/revisions\/12918"}],"wp:featuredmedia":[{"embeddable":true,"href":"https:\/\/fdp-aktiv.de\/blog\/wp-json\/wp\/v2\/media\/11889"}],"wp:attachment":[{"href":"https:\/\/fdp-aktiv.de\/blog\/wp-json\/wp\/v2\/media?parent=12917"}],"wp:term":[{"taxonomy":"category","embeddable":true,"href":"https:\/\/fdp-aktiv.de\/blog\/wp-json\/wp\/v2\/categories?post=12917"},{"taxonomy":"post_tag","embeddable":true,"href":"https:\/\/fdp-aktiv.de\/blog\/wp-json\/wp\/v2\/tags?post=12917"}],"curies":[{"name":"wp","href":"https:\/\/api.w.org\/{rel}","templated":true}]}}