{"id":12935,"date":"2023-08-23T09:50:03","date_gmt":"2023-08-23T07:50:03","guid":{"rendered":"https:\/\/fdp-aktiv.de\/blog\/?p=12935"},"modified":"2023-08-23T09:50:03","modified_gmt":"2023-08-23T07:50:03","slug":"baden-wuerttemberg-ruelke-verbannung-des-wettkampfgedankens-bei-den-bundesjugendspielen-ist-grundfalsch","status":"publish","type":"post","link":"https:\/\/fdp-aktiv.de\/blog\/2023\/08\/23\/baden-wuerttemberg-ruelke-verbannung-des-wettkampfgedankens-bei-den-bundesjugendspielen-ist-grundfalsch\/","title":{"rendered":"Baden-W\u00fcrttemberg &#8211; R\u00fclke: Verbannung des Wettkampfgedankens bei den Bundesjugendspielen ist grundfalsch"},"content":{"rendered":"<p>Zu dpa lsw \u2013 Kultusministerin zu Bundesjugendspielen: \u201eSpa\u00df an Bewegung f\u00f6rdern\u201c<\/p>\n<p>Wenn Kinder gar keine Impulse mehr erhalten, auch sportlich bessere Leistungen zu erbringen, sind die Konsequenzen ein noch gr\u00f6\u00dferer Bewegungs- und Sportmangel<\/p>\n<p>Zur Meldung, dass die Kultusministerin die beschlossene Reform der Bundesjugendspiele f\u00fcr richtig h\u00e4lt und zum kommenden Schuljahr umsetzen will, sagt der Fraktionsvorsitzende der FDP\/DVP-Landtagsfraktion,<strong> Dr. Hans-Ulrich R\u00fclke<\/strong>:<\/p>\n<p>\u201eEs ist immer wieder erstaunlich, mit welcher Vehemenz die Kultusministerin Theresa Schopper den Leistungsgedanken aus den Schulen vertreiben m\u00f6chte. Ihr n\u00e4chstes Ziel sind also die Bundesjugendspiele. Nun soll der Wettkampfgedanke bei den Bundesjugendspielen, wie ihn die Kultusministerkonferenz beschlossen hat, verbannt werden. Frau Schopper hatte hierf\u00fcr gek\u00e4mpft und begr\u00fcndet ihre Haltung damit, dass man im Sport \u2013 im Gegensatz zu anderen Schulf\u00e4chern \u2013 nicht so einfach besser werden k\u00f6nne. Das ist nicht nur eine Falschbehauptung ohne irgendeinen Beleg, vielmehr ignoriert sie auch die Realit\u00e4ten in allen Sportarten \u2013 im Rahmen des Sportunterrichts, aber auch des Vereinssports. Wenn Kinder und Jugendliche gar keine Impulse mehr erhalten, auch sportlich bessere Leistungen zu erbringen, brauche ich keine Kristallkugel, um die Konsequenzen vorherzusagen: ein noch gr\u00f6\u00dferer Bewegungs- und Sportmangel bei Kindern und Jugendlichen.\u201c<\/p>\n<p>&nbsp;<\/p>\n","protected":false},"excerpt":{"rendered":"<p>Zu dpa lsw \u2013 Kultusministerin zu Bundesjugendspielen: \u201eSpa\u00df an Bewegung f\u00f6rdern\u201c Wenn Kinder gar keine Impulse mehr erhalten, auch sportlich bessere Leistungen zu erbringen, sind die Konsequenzen ein noch gr\u00f6\u00dferer [&#8230;]<\/p>\n","protected":false},"author":1,"featured_media":1526,"comment_status":"open","ping_status":"closed","sticky":false,"template":"","format":"standard","meta":{"footnotes":""},"categories":[34,546],"tags":[3670,842,650],"class_list":["post-12935","post","type-post","status-publish","format-standard","has-post-thumbnail","hentry","category-bildung","category-kultur-kunst","tag-bundesjugendspiele","tag-dr-hans-ulrich-ruelke","tag-fdp-dvp"],"_links":{"self":[{"href":"https:\/\/fdp-aktiv.de\/blog\/wp-json\/wp\/v2\/posts\/12935","targetHints":{"allow":["GET"]}}],"collection":[{"href":"https:\/\/fdp-aktiv.de\/blog\/wp-json\/wp\/v2\/posts"}],"about":[{"href":"https:\/\/fdp-aktiv.de\/blog\/wp-json\/wp\/v2\/types\/post"}],"author":[{"embeddable":true,"href":"https:\/\/fdp-aktiv.de\/blog\/wp-json\/wp\/v2\/users\/1"}],"replies":[{"embeddable":true,"href":"https:\/\/fdp-aktiv.de\/blog\/wp-json\/wp\/v2\/comments?post=12935"}],"version-history":[{"count":1,"href":"https:\/\/fdp-aktiv.de\/blog\/wp-json\/wp\/v2\/posts\/12935\/revisions"}],"predecessor-version":[{"id":12936,"href":"https:\/\/fdp-aktiv.de\/blog\/wp-json\/wp\/v2\/posts\/12935\/revisions\/12936"}],"wp:featuredmedia":[{"embeddable":true,"href":"https:\/\/fdp-aktiv.de\/blog\/wp-json\/wp\/v2\/media\/1526"}],"wp:attachment":[{"href":"https:\/\/fdp-aktiv.de\/blog\/wp-json\/wp\/v2\/media?parent=12935"}],"wp:term":[{"taxonomy":"category","embeddable":true,"href":"https:\/\/fdp-aktiv.de\/blog\/wp-json\/wp\/v2\/categories?post=12935"},{"taxonomy":"post_tag","embeddable":true,"href":"https:\/\/fdp-aktiv.de\/blog\/wp-json\/wp\/v2\/tags?post=12935"}],"curies":[{"name":"wp","href":"https:\/\/api.w.org\/{rel}","templated":true}]}}