{"id":12938,"date":"2023-08-23T11:05:03","date_gmt":"2023-08-23T09:05:03","guid":{"rendered":"https:\/\/fdp-aktiv.de\/blog\/?p=12938"},"modified":"2023-08-23T11:05:03","modified_gmt":"2023-08-23T09:05:03","slug":"schleswig-holstein-heiner-garg-eine-lockerung-der-grenzkontrollen-kann-nur-der-anfang-sein","status":"publish","type":"post","link":"https:\/\/fdp-aktiv.de\/blog\/2023\/08\/23\/schleswig-holstein-heiner-garg-eine-lockerung-der-grenzkontrollen-kann-nur-der-anfang-sein\/","title":{"rendered":"Schleswig-Holstein &#8211; Heiner Garg: Eine Lockerung der Grenzkontrollen kann nur der Anfang sein"},"content":{"rendered":"<div class=\"clearfix text-formatted field field--name-body field--type-text-with-summary field--label-hidden field__item\">\n<p>Anl\u00e4sslich der weiterhin anhaltenden Grenzkontrollen D\u00e4nemarks an der Grenze zu Deutschland erkl\u00e4rt der europapolitische Sprecher der FDP-Landtagsfraktion, <strong>Dr. Heiner Garg<\/strong>:<\/p>\n<p>\u201eEs ist nur schwer nachvollziehbar, warum D\u00e4nemark die Grenzkontrollen zu Schweden und an den F\u00e4hren zu Norwegen abschafft, aber die Grenzkontrollen zu Deutschland weiterhin aufrechterh\u00e4lt.<\/p>\n<p>Die Lockerung der Grenzkontrollen zu Deutschland k\u00f6nnen daher nur der Anfang sein, um wieder zur\u00fcck zur Normalit\u00e4t ohne Grenzkontrollen zu kommen. Auch die gelockerten Grenzkontrollen sind weiterhin nicht mit den Schengenregeln vereinbar.<\/p>\n<p>Die tempor\u00e4ren Grenzkontrollen, welche nunmehr seit 2016 bestehen, wurden mit gleichen Begr\u00fcndungen und teilweise wechselnder Rechtsgrundlage immer wieder verl\u00e4ngert. Innereurop\u00e4ische Grenzkontrollen stehen der europ\u00e4ischen Integration entgegen und d\u00fcrfen kein Dauerzustand sein.\u201c<\/p>\n<\/div>\n","protected":false},"excerpt":{"rendered":"<p>Anl\u00e4sslich der weiterhin anhaltenden Grenzkontrollen D\u00e4nemarks an der Grenze zu Deutschland erkl\u00e4rt der europapolitische Sprecher der FDP-Landtagsfraktion, Dr. Heiner Garg: \u201eEs ist nur schwer nachvollziehbar, warum D\u00e4nemark die Grenzkontrollen zu [&#8230;]<\/p>\n","protected":false},"author":1,"featured_media":6015,"comment_status":"open","ping_status":"closed","sticky":false,"template":"","format":"standard","meta":{"footnotes":""},"categories":[5],"tags":[2792,814,340,296],"class_list":["post-12938","post","type-post","status-publish","format-standard","has-post-thumbnail","hentry","category-aussenpolitik","tag-daenemark","tag-fdp-lsh","tag-grenzkontrollen","tag-heiner-garg"],"_links":{"self":[{"href":"https:\/\/fdp-aktiv.de\/blog\/wp-json\/wp\/v2\/posts\/12938","targetHints":{"allow":["GET"]}}],"collection":[{"href":"https:\/\/fdp-aktiv.de\/blog\/wp-json\/wp\/v2\/posts"}],"about":[{"href":"https:\/\/fdp-aktiv.de\/blog\/wp-json\/wp\/v2\/types\/post"}],"author":[{"embeddable":true,"href":"https:\/\/fdp-aktiv.de\/blog\/wp-json\/wp\/v2\/users\/1"}],"replies":[{"embeddable":true,"href":"https:\/\/fdp-aktiv.de\/blog\/wp-json\/wp\/v2\/comments?post=12938"}],"version-history":[{"count":1,"href":"https:\/\/fdp-aktiv.de\/blog\/wp-json\/wp\/v2\/posts\/12938\/revisions"}],"predecessor-version":[{"id":12939,"href":"https:\/\/fdp-aktiv.de\/blog\/wp-json\/wp\/v2\/posts\/12938\/revisions\/12939"}],"wp:featuredmedia":[{"embeddable":true,"href":"https:\/\/fdp-aktiv.de\/blog\/wp-json\/wp\/v2\/media\/6015"}],"wp:attachment":[{"href":"https:\/\/fdp-aktiv.de\/blog\/wp-json\/wp\/v2\/media?parent=12938"}],"wp:term":[{"taxonomy":"category","embeddable":true,"href":"https:\/\/fdp-aktiv.de\/blog\/wp-json\/wp\/v2\/categories?post=12938"},{"taxonomy":"post_tag","embeddable":true,"href":"https:\/\/fdp-aktiv.de\/blog\/wp-json\/wp\/v2\/tags?post=12938"}],"curies":[{"name":"wp","href":"https:\/\/api.w.org\/{rel}","templated":true}]}}