{"id":12940,"date":"2023-08-23T11:23:23","date_gmt":"2023-08-23T09:23:23","guid":{"rendered":"https:\/\/fdp-aktiv.de\/blog\/?p=12940"},"modified":"2023-08-23T11:23:23","modified_gmt":"2023-08-23T09:23:23","slug":"bundestag-konrad-landwirtschaft-braucht-mehr-spielraum","status":"publish","type":"post","link":"https:\/\/fdp-aktiv.de\/blog\/2023\/08\/23\/bundestag-konrad-landwirtschaft-braucht-mehr-spielraum\/","title":{"rendered":"Bundestag &#8211; KONRAD: Landwirtschaft braucht mehr Spielraum"},"content":{"rendered":"<div class=\"clearfix text-formatted field field--name-body field--type-text-with-summary field--label-hidden field__item\">\n<p>Zur Erntebilanz 2023 erkl\u00e4rt die stellvertretende FDP-Fraktionsvorsitzende Carina Konrad:<\/p>\n<p>\u201eDie Erntebilanz 2023 ist auch Ergebnis der Herausforderungen eines wechselnden Klimas, gepr\u00e4gt von starken Schwankungen zwischen Regen und D\u00fcrreperioden. Trotz dieser schwierigen Bedingungen haben unsere Landwirte Au\u00dferordentliches geleistet. Ihre Anpassungsf\u00e4higkeit und Entschlossenheit verdienen h\u00f6chste Anerkennung. Um unsere Landwirtschaft zukunftsf\u00e4hig zu gestalten, bedarf es dringend mehr Flexibilit\u00e4t f\u00fcr die Landwirte. Dies beinhaltet die F\u00f6rderung neuer Z\u00fcchtungsmethoden, um widerstandsf\u00e4higere Sorten zu entwickeln und anzubauen, ebenso wie den Einsatz wasserschonender Bodenbearbeitungstechniken. Wenn wir in Deutschland auch zuk\u00fcnftig verl\u00e4sslich unser Getreide f\u00fcr unser t\u00e4gliches Brot trotz der klimatischen Herausforderungen anbauen m\u00f6chten, m\u00fcssen wir den Landwirten mehr Spielraum geben. Dazu geh\u00f6ren neue Z\u00fcchtungsmethoden, weniger B\u00fcrokratie und gr\u00f6\u00dfere Planungssicherheit.\u201c<\/p>\n<\/div>\n","protected":false},"excerpt":{"rendered":"<p>Zur Erntebilanz 2023 erkl\u00e4rt die stellvertretende FDP-Fraktionsvorsitzende Carina Konrad: \u201eDie Erntebilanz 2023 ist auch Ergebnis der Herausforderungen eines wechselnden Klimas, gepr\u00e4gt von starken Schwankungen zwischen Regen und D\u00fcrreperioden. Trotz dieser [&#8230;]<\/p>\n","protected":false},"author":1,"featured_media":4797,"comment_status":"open","ping_status":"closed","sticky":false,"template":"","format":"standard","meta":{"footnotes":""},"categories":[410],"tags":[2092,2688,1420],"class_list":["post-12940","post","type-post","status-publish","format-standard","has-post-thumbnail","hentry","category-landwirtschaft","tag-carina-konrad","tag-fdp-bundestag","tag-landwirtschaft"],"_links":{"self":[{"href":"https:\/\/fdp-aktiv.de\/blog\/wp-json\/wp\/v2\/posts\/12940","targetHints":{"allow":["GET"]}}],"collection":[{"href":"https:\/\/fdp-aktiv.de\/blog\/wp-json\/wp\/v2\/posts"}],"about":[{"href":"https:\/\/fdp-aktiv.de\/blog\/wp-json\/wp\/v2\/types\/post"}],"author":[{"embeddable":true,"href":"https:\/\/fdp-aktiv.de\/blog\/wp-json\/wp\/v2\/users\/1"}],"replies":[{"embeddable":true,"href":"https:\/\/fdp-aktiv.de\/blog\/wp-json\/wp\/v2\/comments?post=12940"}],"version-history":[{"count":1,"href":"https:\/\/fdp-aktiv.de\/blog\/wp-json\/wp\/v2\/posts\/12940\/revisions"}],"predecessor-version":[{"id":12943,"href":"https:\/\/fdp-aktiv.de\/blog\/wp-json\/wp\/v2\/posts\/12940\/revisions\/12943"}],"wp:featuredmedia":[{"embeddable":true,"href":"https:\/\/fdp-aktiv.de\/blog\/wp-json\/wp\/v2\/media\/4797"}],"wp:attachment":[{"href":"https:\/\/fdp-aktiv.de\/blog\/wp-json\/wp\/v2\/media?parent=12940"}],"wp:term":[{"taxonomy":"category","embeddable":true,"href":"https:\/\/fdp-aktiv.de\/blog\/wp-json\/wp\/v2\/categories?post=12940"},{"taxonomy":"post_tag","embeddable":true,"href":"https:\/\/fdp-aktiv.de\/blog\/wp-json\/wp\/v2\/tags?post=12940"}],"curies":[{"name":"wp","href":"https:\/\/api.w.org\/{rel}","templated":true}]}}