{"id":12941,"date":"2023-08-23T11:14:02","date_gmt":"2023-08-23T09:14:02","guid":{"rendered":"https:\/\/fdp-aktiv.de\/blog\/?p=12941"},"modified":"2023-08-23T11:14:02","modified_gmt":"2023-08-23T09:14:02","slug":"bundestag-torsten-herbst-effektiver-klimaschutz-durch-strikten-co2-deckel-statt-durch-planwirtschaftliche-detailregelungen","status":"publish","type":"post","link":"https:\/\/fdp-aktiv.de\/blog\/2023\/08\/23\/bundestag-torsten-herbst-effektiver-klimaschutz-durch-strikten-co2-deckel-statt-durch-planwirtschaftliche-detailregelungen\/","title":{"rendered":"Bundestag &#8211; Torsten Herbst: Effektiver Klimaschutz durch strikten CO2-Deckel statt durch planwirtschaftliche Detailregelungen"},"content":{"rendered":"<p>(Berlin\/22.08.2023) Zur Vorstellung des Berichts des Expertenrates f\u00fcr Klimafragen erkl\u00e4rt Torsten Herbst, s\u00e4chsischer Bundestagsabgeordneter und Parlamentarischer Gesch\u00e4ftsf\u00fchrer der Fraktion der Freien Demokraten im Deutschen Bundestag:<\/p>\n<p>\u201eDer Bericht des Expertenrates zeigt, wie wichtig ein Paradigmenwechsel in der deutschen Klimaschutzpolitik ist. Wir brauchen weniger ineffizientes Klein-Klein in planwirtschaftlichen Sofortprogrammen, sondern mehr marktwirtschaftliche Mechanismen. Die durch die Koalition angestrebte \u00c4nderung des Klimaschutzgesetzes wird den Weg f\u00fcr einen effizienten und kosteng\u00fcnstigen Klimaschutz mit mehr Flexibilit\u00e4t ebnen. Der sektor\u00fcbergreifende Ansatz erm\u00f6glicht es, CO2 dort einzusparen, wo es am kosteng\u00fcnstigen und effektivsten ist. Als Freie Demokraten wollen wir zudem noch einen Schritt weiter gehen: Wir brauchen einen echten Emissionshandel mit einem strikten CO2-Deckel \u00fcber alle Sektoren hinweg. So erreichen wir die Klimaziele verbindlich und zu den geringsten volkswirtschaftlichen Kosten.<\/p>\n<p>Eine staatliche Detailplanung von Klimaschutzma\u00dfnahmen ist zum Scheitern verurteilt, da neue Technologien oft noch gar nicht bekannt sind oder in der ihrer Umsetzung untersch\u00e4tzt werden. Nicht der Staat, sondern die B\u00fcrgerinnen und B\u00fcrger sowie die Unternehmen sollen entscheiden, wie das Einsparziel am besten erreicht werden kann. Klimaschutz ist das Ziel, Innovationen und Technologieoffenheit sind dabei der sinnvollste Weg.\u201c<\/p>\n","protected":false},"excerpt":{"rendered":"<p>(Berlin\/22.08.2023) Zur Vorstellung des Berichts des Expertenrates f\u00fcr Klimafragen erkl\u00e4rt Torsten Herbst, s\u00e4chsischer Bundestagsabgeordneter und Parlamentarischer Gesch\u00e4ftsf\u00fchrer der Fraktion der Freien Demokraten im Deutschen Bundestag: \u201eDer Bericht des Expertenrates zeigt, [&#8230;]<\/p>\n","protected":false},"author":1,"featured_media":3670,"comment_status":"open","ping_status":"closed","sticky":false,"template":"","format":"standard","meta":{"footnotes":""},"categories":[249],"tags":[728,2688,749,471],"class_list":["post-12941","post","type-post","status-publish","format-standard","has-post-thumbnail","hentry","category-umwelt","tag-co2-limit","tag-fdp-bundestag","tag-klimaschutz","tag-torsten-herbst"],"_links":{"self":[{"href":"https:\/\/fdp-aktiv.de\/blog\/wp-json\/wp\/v2\/posts\/12941","targetHints":{"allow":["GET"]}}],"collection":[{"href":"https:\/\/fdp-aktiv.de\/blog\/wp-json\/wp\/v2\/posts"}],"about":[{"href":"https:\/\/fdp-aktiv.de\/blog\/wp-json\/wp\/v2\/types\/post"}],"author":[{"embeddable":true,"href":"https:\/\/fdp-aktiv.de\/blog\/wp-json\/wp\/v2\/users\/1"}],"replies":[{"embeddable":true,"href":"https:\/\/fdp-aktiv.de\/blog\/wp-json\/wp\/v2\/comments?post=12941"}],"version-history":[{"count":1,"href":"https:\/\/fdp-aktiv.de\/blog\/wp-json\/wp\/v2\/posts\/12941\/revisions"}],"predecessor-version":[{"id":12942,"href":"https:\/\/fdp-aktiv.de\/blog\/wp-json\/wp\/v2\/posts\/12941\/revisions\/12942"}],"wp:featuredmedia":[{"embeddable":true,"href":"https:\/\/fdp-aktiv.de\/blog\/wp-json\/wp\/v2\/media\/3670"}],"wp:attachment":[{"href":"https:\/\/fdp-aktiv.de\/blog\/wp-json\/wp\/v2\/media?parent=12941"}],"wp:term":[{"taxonomy":"category","embeddable":true,"href":"https:\/\/fdp-aktiv.de\/blog\/wp-json\/wp\/v2\/categories?post=12941"},{"taxonomy":"post_tag","embeddable":true,"href":"https:\/\/fdp-aktiv.de\/blog\/wp-json\/wp\/v2\/tags?post=12941"}],"curies":[{"name":"wp","href":"https:\/\/api.w.org\/{rel}","templated":true}]}}