{"id":1300,"date":"2021-05-11T22:37:26","date_gmt":"2021-05-11T20:37:26","guid":{"rendered":"https:\/\/fdp-aktiv.de\/blog\/?p=1300"},"modified":"2021-05-11T22:38:16","modified_gmt":"2021-05-11T20:38:16","slug":"bjoern-foersterling-statt-generation-corona-hinzunehmen-muessen-wir-kindern-und-jugendlichen-chancen-ermoeglichen-fdp-fraktion-fordert-nachholen-von-lerninhalten-studiums-und-berufsvorbereit","status":"publish","type":"post","link":"https:\/\/fdp-aktiv.de\/blog\/2021\/05\/11\/bjoern-foersterling-statt-generation-corona-hinzunehmen-muessen-wir-kindern-und-jugendlichen-chancen-ermoeglichen-fdp-fraktion-fordert-nachholen-von-lerninhalten-studiums-und-berufsvorbereit\/","title":{"rendered":"Bj\u00f6rn F\u00f6rsterling: Statt &#8220;Generation Corona&#8221; hinzunehmen, m\u00fcssen wir Kindern und Jugendlichen Chancen erm\u00f6glichen &#8211; FDP-Fraktion fordert Nachholen von Lerninhalten, Studiums- und Berufsvorbereitung"},"content":{"rendered":"<figure style=\"width: 798px\" class=\"wp-caption alignnone\"><img loading=\"lazy\" decoding=\"async\" class=\"n3VNCb\" src=\"https:\/\/www.landtag-niedersachsen.de\/fileadmin\/_processed_\/b\/f\/csm_2804_df2855664e.jpg\" alt=\"Bj\u00f6rn F\u00f6rsterling (FDP) | Junger Landtag - Nieders\u00e4chsischer Landtag\" width=\"798\" height=\"266\" data-noaft=\"1\" \/><figcaption class=\"wp-caption-text\">Bj\u00f6rn F\u00f6rsterling (FDP) | Junger Landtag &#8211; Nieders\u00e4chsischer Landtag<\/figcaption><\/figure>\n<p>&nbsp;<\/p>\n<p><strong>Hannover.<\/strong>\u00a0Kinder und Jugendliche in Niedersachsen d\u00fcrfen jetzt nicht zu einer Generation Corona werden, sondern sie m\u00fcssen ihre Chancen erhalten, fordert der bildungspolitische Sprecher der FDP-Landtagsfraktion, Bj\u00f6rn F\u00f6rsterling. &#8220;Seit Monaten haben wir Kinder, f\u00fcr die der soziale Kontakt auf das eigene famili\u00e4re Umfeld und die eigene Wohnung beschr\u00e4nkt war, die besonders in einkommensschwachen Haushalten enger ist, als wir es uns in dieser Situation w\u00fcnschen w\u00fcrden. Wir haben Studierende, die seit drei Semestern studieren, ohne ihre Hochschule je von innen gesehen zu haben und wir haben Kinder und Jugendliche mit psychischen Auff\u00e4lligkeiten. Es muss unsere Aufgabe sein, diesen jungen Menschen, die auf so vieles verzichten mussten, Chancen zu erm\u00f6glichen. Wir m\u00fcssen ihnen f\u00fcr das neue Schuljahr eine Grundlage geben, um dann hoffentlich wieder im Pr\u00e4senzunterricht voll durchstarten zu k\u00f6nnen&#8221;, erkl\u00e4rte F\u00f6rsterling am Dienstag im Landtag. Es gehe weiterhin darum, den\u00a0Bildungserfolg\u00a0unabh\u00e4ngig von der Herkunft zu machen. Daf\u00fcr d\u00fcrfe er nicht allein auf famili\u00e4rer Unterst\u00fctzung beruhen. Die Politik m\u00fcsse Systeme schaffen, die Unterst\u00fctzung f\u00fcr alle Kinder und Jugendlichen erm\u00f6glichen und dabei auch individuelle Angebote bieten.<\/p>\n<p>Die FDP-Fraktion brachte am Dienstag einen Antrag ein, der Beratungsangebote f\u00fcr psychisch belastete Kinder und Jugendliche vorsieht und jungen Menschen beim Aufholen von Lerninhalten sowie bei der Berufsorientierung unter Pandemiebedingungen helfen soll. Sch\u00fclerinnen und Sch\u00fcler br\u00e4uchten die Chance, ihren Lernstand einzusch\u00e4tzen und vers\u00e4umten Lernstoff nachzuholen. Daf\u00fcr schl\u00e4gt F\u00f6rsterling ein digitales &#8220;Niedersachsen-Kolleg&#8221; f\u00fcr die Kernf\u00e4cher sowie freiwillige und digitale Nachholangebote in den Sommerferien vor. Au\u00dferdem sollen Schulabg\u00e4ngerinnen und -abg\u00e4nger auf ein bevorstehendes Studium oder eine Ausbildung vorbereitet werden. Hierf\u00fcr fordert der FDP-Bildungsexperte Vorbereitungsangebote, Berufsorientierungsma\u00dfnahmen sowie Anreize f\u00fcr Unternehmen, trotz der angespannten wirtschaftlichen Lage Ausbildungspl\u00e4tze anzubieten.\u00a0F\u00f6rsterling: &#8220;Es ist eben zu wenig, Betriebe nur dann zu f\u00f6rdern, wenn sie trotz der Corona-Krise zus\u00e4tzliche Ausbildungspl\u00e4tze schaffen. Auch in diesen Betrieben gibt es Zukunfts\u00e4ngste. Wir m\u00fcssen sie deshalb motivieren, Ausbildungspl\u00e4tze anzubieten, die Perspektiven \u00fcber die Krise hinaus bieten. Wir d\u00fcrfen es uns nicht zu einfach machen. Jetzt von einer &#8220;Generation Corona&#8221; zu sprechen, ist zu erkl\u00e4rend. Wir haben alle gemeinsam die Aufgabe, dieser Generation Chancen zu erm\u00f6glichen. Dabei geht es nicht um politischen Hick-Hack, sondern es geht um die Zukunft unserer Kinder.&#8221;<\/p>\n<p>&nbsp;<\/p>\n<p><strong>Hintergrund:<\/strong>\u00a0Der Nieders\u00e4chsische Landtag kam am Dienstag zu einem Sonderplenum zusammen. Zuvor hatte die Landesregierung eine neue Corona-Verordnung ver\u00f6ffentlicht.<\/p>\n<p>Sie k\u00f6nnen den Antrag hier herunterladen:\u00a0<a href=\"https:\/\/www.fdp-fraktion-nds.de\/initiative\/fuer-eine-generation-der-chancen-statt-einer-generation-corona-kindern-und-jugendlichen-nach-corona-wieder-chancen-ermoeglichen\">https:\/\/www.fdp-fraktion-nds.de\/initiative\/fuer-eine-generation-der-chancen-statt-einer-generation-corona-kindern-und-jugendlichen-nach-corona-wieder-chancen-ermoeglichen<\/a><\/p>\n","protected":false},"excerpt":{"rendered":"<p>&nbsp; Hannover.\u00a0Kinder und Jugendliche in Niedersachsen d\u00fcrfen jetzt nicht zu einer Generation Corona werden, sondern sie m\u00fcssen ihre Chancen erhalten, fordert der bildungspolitische Sprecher der FDP-Landtagsfraktion, Bj\u00f6rn F\u00f6rsterling. &#8220;Seit Monaten [&#8230;]<\/p>\n","protected":false},"author":1,"featured_media":0,"comment_status":"open","ping_status":"closed","sticky":false,"template":"","format":"standard","meta":{"footnotes":""},"categories":[34],"tags":[158,738,35,638],"class_list":["post-1300","post","type-post","status-publish","format-standard","hentry","category-bildung","tag-bildung","tag-bjoern-foersterling","tag-chancen","tag-fdp-nds"],"_links":{"self":[{"href":"https:\/\/fdp-aktiv.de\/blog\/wp-json\/wp\/v2\/posts\/1300","targetHints":{"allow":["GET"]}}],"collection":[{"href":"https:\/\/fdp-aktiv.de\/blog\/wp-json\/wp\/v2\/posts"}],"about":[{"href":"https:\/\/fdp-aktiv.de\/blog\/wp-json\/wp\/v2\/types\/post"}],"author":[{"embeddable":true,"href":"https:\/\/fdp-aktiv.de\/blog\/wp-json\/wp\/v2\/users\/1"}],"replies":[{"embeddable":true,"href":"https:\/\/fdp-aktiv.de\/blog\/wp-json\/wp\/v2\/comments?post=1300"}],"version-history":[{"count":1,"href":"https:\/\/fdp-aktiv.de\/blog\/wp-json\/wp\/v2\/posts\/1300\/revisions"}],"predecessor-version":[{"id":1301,"href":"https:\/\/fdp-aktiv.de\/blog\/wp-json\/wp\/v2\/posts\/1300\/revisions\/1301"}],"wp:attachment":[{"href":"https:\/\/fdp-aktiv.de\/blog\/wp-json\/wp\/v2\/media?parent=1300"}],"wp:term":[{"taxonomy":"category","embeddable":true,"href":"https:\/\/fdp-aktiv.de\/blog\/wp-json\/wp\/v2\/categories?post=1300"},{"taxonomy":"post_tag","embeddable":true,"href":"https:\/\/fdp-aktiv.de\/blog\/wp-json\/wp\/v2\/tags?post=1300"}],"curies":[{"name":"wp","href":"https:\/\/api.w.org\/{rel}","templated":true}]}}