{"id":1302,"date":"2021-05-12T09:21:26","date_gmt":"2021-05-12T07:21:26","guid":{"rendered":"https:\/\/fdp-aktiv.de\/blog\/?p=1302"},"modified":"2021-05-12T09:21:26","modified_gmt":"2021-05-12T07:21:26","slug":"rock-freie-demokraten-fordern-volle-rechte-drei-wochen-nach-erstimpfung","status":"publish","type":"post","link":"https:\/\/fdp-aktiv.de\/blog\/2021\/05\/12\/rock-freie-demokraten-fordern-volle-rechte-drei-wochen-nach-erstimpfung\/","title":{"rendered":"ROCK: Freie Demokraten fordern volle Rechte drei Wochen nach Erstimpfung"},"content":{"rendered":"<figure id=\"attachment_1137\" aria-describedby=\"caption-attachment-1137\" style=\"width: 800px\" class=\"wp-caption alignnone\"><img loading=\"lazy\" decoding=\"async\" class=\"size-large wp-image-1137\" src=\"https:\/\/fdp-aktiv.de\/blog\/wp-content\/uploads\/2021\/04\/Rene_Rock-1024x684.jpg\" alt=\"Rene Rock\" width=\"800\" height=\"534\" srcset=\"https:\/\/fdp-aktiv.de\/blog\/wp-content\/uploads\/2021\/04\/Rene_Rock-1024x684.jpg 1024w, https:\/\/fdp-aktiv.de\/blog\/wp-content\/uploads\/2021\/04\/Rene_Rock-300x200.jpg 300w, https:\/\/fdp-aktiv.de\/blog\/wp-content\/uploads\/2021\/04\/Rene_Rock-768x513.jpg 768w, https:\/\/fdp-aktiv.de\/blog\/wp-content\/uploads\/2021\/04\/Rene_Rock.jpg 1400w\" sizes=\"auto, (max-width: 800px) 100vw, 800px\" \/><figcaption id=\"caption-attachment-1137\" class=\"wp-caption-text\">Rene Rock<\/figcaption><\/figure>\n<div class=\"clearfix text-formatted field field--name-body field--type-text-with-summary field--label-hidden field__item\">\n<ul>\n<li><strong>Studien belegen hohen Schutz vor <\/strong><strong>schweren Vorl\u00e4ufen nach drei Wochen<\/strong><\/li>\n<li><strong>\u00c4nderung w\u00fcrde Akzeptanz von Astra-Zeneca erh\u00f6hen<\/strong><\/li>\n<li><strong>Landesregierung soll \u00d6ffnungskonzept vorlegen<\/strong><\/li>\n<\/ul>\n<p>WIESBADEN \u2013 Die Freien Demokraten im Hessischen Landtag wollen den B\u00fcrgerinnen und B\u00fcrgern schon drei Wochen nach der Erstimpfung gegen das Corona-Virus ihre Rechte wiedergeben. Eine entsprechende Forderung hat Fraktionsvorsitzender Ren\u00e9 ROCK heute mit Blick auf die Zusammenkunft des hessischen Corona-Kabinetts formuliert. \u201eWir erwarten, dass die Landesregierung ein umfassendes \u00d6ffnungskonzept f\u00fcr die Landkreise vorlegt, f\u00fcr die die Regelungen der Bundes-Notbremse nicht mehr greifen, weil die Inzidenz unter 100 liegt. In diesem Konzept sollen Geimpfte, Genesene und Getestete besonders ber\u00fccksichtigt werden \u2013 f\u00fcr sie sollen Kontakt- und Ausgangsbeschr\u00e4nkungen nicht mehr gelten. Da von diesen Gruppen eine sehr geringe Infektionsgefahr ausgeht, sind Grundrechtseinschr\u00e4nkungen nicht mehr verh\u00e4ltnism\u00e4\u00dfig\u201c, betont Rock. \u201eNach britischen Studien sinkt das Risiko von Infektionen, schweren Verl\u00e4ufen mit Klinikaufenthalt sowie einer Weitergabe des Virus bereits drei Wochen nach der Erstimpfung deutlich. Die H\u00e4ufigkeit von Klinikaufenthalten ist nach Erstimpfungen mit den Vakzinen von Biontech-Pfizer und Astra-Zeneca um 90 Prozent reduziert. Darauf beruft sich auch \u00d6sterreich und will den Menschen bereits 21 Tage nach der Erstimpfung ihre Rechte zur\u00fcckgeben\u201c, legt Rock dar.<\/p>\n<p>Wenn die Hessinnen und Hessen bereits 21 Tage nach der Erstimpfung nicht mehr eingeschr\u00e4nkt w\u00fcrden, h\u00e4tte das nach \u00dcberzeugung der Freien Demokraten einen weiteren Vorteil: \u201eBislang lehnen viele Impfwillige den Impfstoff von Astra-Zeneca ab, weil die Zeitspanne zwischen Erst- und Zweitimpfung vergleichsweise lang ist. Damit ist der Schritt in die Freiheit weiter entfernt als bei anderen Vakzinen. Wenn die Einschr\u00e4nkungen bereits drei Wochen nach der Erstimpfung entfallen, k\u00f6nnte das auch die Akzeptanz von Astra-Zeneca erh\u00f6hen\u201c, meint Rock.<\/p>\n<\/div>\n<h3>Quelle:<\/h3>\n<p><a href=\"http:\/\/Pressestelle der Fraktion der Freien Demokraten im Hessischen Landtag\">Pressestelle der Fraktion der Freien Demokraten im Hessischen Landtag<\/a>\u00a0 \u00a0&#8211;\u00a0 \u00a012.05.21\u00a0 \u00a0&#8211;\u00a0 \u00a009:19 Uhr<\/p>\n<p>&nbsp;<\/p>\n<h3>Weitere Themen:<\/h3>\n<ul>\n<li><a title=\"Bj\u00f6rn F\u00f6rsterling: Statt \u201eGeneration Corona\u201c hinzunehmen, m\u00fcssen wir Kindern und Jugendlichen Chancen erm\u00f6glichen \u2013 FDP-Fraktion fordert Nachholen von Lerninhalten, Studiums- und Berufsvorbereitung\" href=\"https:\/\/fdp-aktiv.de\/blog\/2021\/05\/11\/bjoern-foersterling-statt-generation-corona-hinzunehmen-muessen-wir-kindern-und-jugendlichen-chancen-ermoeglichen-fdp-fraktion-fordert-nachholen-von-lerninhalten-studiums-und-berufsvorbereit\/\">Bj\u00f6rn F\u00f6rsterling: Statt \u201eGeneration Corona\u201c hinzunehmen, m\u00fcssen wir Kindern und Jugendlichen Chancen erm\u00f6glichen \u2013 FDP-Fraktion fordert Nachholen von Lerninhalten, Studiums- und Berufsvorbereitung<\/a><\/li>\n<\/ul>\n","protected":false},"excerpt":{"rendered":"<p>Studien belegen hohen Schutz vor schweren Vorl\u00e4ufen nach drei Wochen \u00c4nderung w\u00fcrde Akzeptanz von Astra-Zeneca erh\u00f6hen Landesregierung soll \u00d6ffnungskonzept vorlegen WIESBADEN \u2013 Die Freien Demokraten im Hessischen Landtag wollen den [&#8230;]<\/p>\n","protected":false},"author":1,"featured_media":0,"comment_status":"open","ping_status":"closed","sticky":false,"template":"","format":"standard","meta":{"footnotes":""},"categories":[4,123],"tags":[541,635,739,634],"class_list":["post-1302","post","type-post","status-publish","format-standard","hentry","category-covid-19","category-gesundheit","tag-astra-zeneca","tag-fdp-hessen","tag-freiheitsrechte","tag-rene-rock"],"_links":{"self":[{"href":"https:\/\/fdp-aktiv.de\/blog\/wp-json\/wp\/v2\/posts\/1302","targetHints":{"allow":["GET"]}}],"collection":[{"href":"https:\/\/fdp-aktiv.de\/blog\/wp-json\/wp\/v2\/posts"}],"about":[{"href":"https:\/\/fdp-aktiv.de\/blog\/wp-json\/wp\/v2\/types\/post"}],"author":[{"embeddable":true,"href":"https:\/\/fdp-aktiv.de\/blog\/wp-json\/wp\/v2\/users\/1"}],"replies":[{"embeddable":true,"href":"https:\/\/fdp-aktiv.de\/blog\/wp-json\/wp\/v2\/comments?post=1302"}],"version-history":[{"count":1,"href":"https:\/\/fdp-aktiv.de\/blog\/wp-json\/wp\/v2\/posts\/1302\/revisions"}],"predecessor-version":[{"id":1303,"href":"https:\/\/fdp-aktiv.de\/blog\/wp-json\/wp\/v2\/posts\/1302\/revisions\/1303"}],"wp:attachment":[{"href":"https:\/\/fdp-aktiv.de\/blog\/wp-json\/wp\/v2\/media?parent=1302"}],"wp:term":[{"taxonomy":"category","embeddable":true,"href":"https:\/\/fdp-aktiv.de\/blog\/wp-json\/wp\/v2\/categories?post=1302"},{"taxonomy":"post_tag","embeddable":true,"href":"https:\/\/fdp-aktiv.de\/blog\/wp-json\/wp\/v2\/tags?post=1302"}],"curies":[{"name":"wp","href":"https:\/\/api.w.org\/{rel}","templated":true}]}}