{"id":1304,"date":"2021-05-12T09:26:23","date_gmt":"2021-05-12T07:26:23","guid":{"rendered":"https:\/\/fdp-aktiv.de\/blog\/?p=1304"},"modified":"2021-05-19T17:04:40","modified_gmt":"2021-05-19T15:04:40","slug":"berlin-thomas-seerig-pflegepolitischer-sprecher-der-fdp-fraktion-im-abgeordnetenhaus-von-berlin-zum-internationalen-tag-der-pflegenden","status":"publish","type":"post","link":"https:\/\/fdp-aktiv.de\/blog\/2021\/05\/12\/berlin-thomas-seerig-pflegepolitischer-sprecher-der-fdp-fraktion-im-abgeordnetenhaus-von-berlin-zum-internationalen-tag-der-pflegenden\/","title":{"rendered":"BERLIN: Thomas Seerig, pflegepolitischer Sprecher der FDP-Fraktion im Abgeordnetenhaus von Berlin, zum internationalen Tag der Pflegenden"},"content":{"rendered":"<figure style=\"width: 507px\" class=\"wp-caption alignnone\"><img loading=\"lazy\" decoding=\"async\" class=\"n3VNCb\" src=\"https:\/\/www.thomas-seerig.de\/s\/cc_images\/teaserbox_4465118.PNG?t=1488893377\" alt=\"Thomas Seerig, MdA - Startseite\" width=\"507\" height=\"507\" data-noaft=\"1\" \/><figcaption class=\"wp-caption-text\">Thomas Seerig, MdA<\/figcaption><\/figure>\n<p>\u201eDer internationale Tag der Pflegenden gibt Anlass, dem gr\u00f6\u00dften ambulanten Pflegedienst zu danken, n\u00e4mlich den Angeh\u00f6rigen und Freunden. Die berechtigten Forderungen nach besseren Arbeitsbedingungen f\u00fcr die Profis in ambulanter und station\u00e4re Pflege d\u00fcrfen kein Grund sein, die Situation f\u00fcr die pflegenden Angeh\u00f6rigen nicht zu verbessern: Insbesondere f\u00fcr die Kinder und Jugendlichen, die z.B. ihren Eltern helfen &#8211; neben der Schule und auch zu Zeiten der Pandemie. Hier sind Spahn und Giffey aufgerufen, endlich f\u00fcr Entlastung zu sorgen.\u201c<\/p>\n<p>&nbsp;<\/p>\n<h3>Quelle:<\/h3>\n<p><a href=\"http:\/\/www.fdp-fraktion.berlin\">Fraktion der Freien Demokraten im Abgeordnetenhaus von Berlin<\/a>\u00a0 \u00a0&#8211;\u00a0 \u00a012.05.21\u00a0 \u00a0&#8211;\u00a0 \u00a009:20 Uhr<\/p>\n","protected":false},"excerpt":{"rendered":"<p>\u201eDer internationale Tag der Pflegenden gibt Anlass, dem gr\u00f6\u00dften ambulanten Pflegedienst zu danken, n\u00e4mlich den Angeh\u00f6rigen und Freunden. Die berechtigten Forderungen nach besseren Arbeitsbedingungen f\u00fcr die Profis in ambulanter und [&#8230;]<\/p>\n","protected":false},"author":1,"featured_media":0,"comment_status":"open","ping_status":"closed","sticky":false,"template":"","format":"standard","meta":{"footnotes":""},"categories":[5],"tags":[706,741,740],"class_list":["post-1304","post","type-post","status-publish","format-standard","hentry","category-aussenpolitik","tag-fdp-berlin","tag-tag-der-pflege","tag-thomas-seerig"],"_links":{"self":[{"href":"https:\/\/fdp-aktiv.de\/blog\/wp-json\/wp\/v2\/posts\/1304","targetHints":{"allow":["GET"]}}],"collection":[{"href":"https:\/\/fdp-aktiv.de\/blog\/wp-json\/wp\/v2\/posts"}],"about":[{"href":"https:\/\/fdp-aktiv.de\/blog\/wp-json\/wp\/v2\/types\/post"}],"author":[{"embeddable":true,"href":"https:\/\/fdp-aktiv.de\/blog\/wp-json\/wp\/v2\/users\/1"}],"replies":[{"embeddable":true,"href":"https:\/\/fdp-aktiv.de\/blog\/wp-json\/wp\/v2\/comments?post=1304"}],"version-history":[{"count":2,"href":"https:\/\/fdp-aktiv.de\/blog\/wp-json\/wp\/v2\/posts\/1304\/revisions"}],"predecessor-version":[{"id":1306,"href":"https:\/\/fdp-aktiv.de\/blog\/wp-json\/wp\/v2\/posts\/1304\/revisions\/1306"}],"wp:attachment":[{"href":"https:\/\/fdp-aktiv.de\/blog\/wp-json\/wp\/v2\/media?parent=1304"}],"wp:term":[{"taxonomy":"category","embeddable":true,"href":"https:\/\/fdp-aktiv.de\/blog\/wp-json\/wp\/v2\/categories?post=1304"},{"taxonomy":"post_tag","embeddable":true,"href":"https:\/\/fdp-aktiv.de\/blog\/wp-json\/wp\/v2\/tags?post=1304"}],"curies":[{"name":"wp","href":"https:\/\/api.w.org\/{rel}","templated":true}]}}