{"id":13076,"date":"2023-08-31T09:07:22","date_gmt":"2023-08-31T07:07:22","guid":{"rendered":"https:\/\/fdp-aktiv.de\/blog\/?p=13076"},"modified":"2023-08-31T09:07:22","modified_gmt":"2023-08-31T07:07:22","slug":"bundestag-kuhle-buerokratie-darf-fortschritt-nicht-im-weg-stehen","status":"publish","type":"post","link":"https:\/\/fdp-aktiv.de\/blog\/2023\/08\/31\/bundestag-kuhle-buerokratie-darf-fortschritt-nicht-im-weg-stehen\/","title":{"rendered":"Bundestag &#8211; KUHLE: B\u00fcrokratie darf Fortschritt nicht im Weg stehen"},"content":{"rendered":"<div class=\"clearfix text-formatted field field--name-body field--type-text-with-summary field--label-hidden field__item\">\n<p>Zum Kabinettsbeschluss f\u00fcr ein viertes B\u00fcrokratieentlastungsgesetz erkl\u00e4rt der stellvertretende FDP-Fraktionsvorsitzende Konstantin Kuhle:<\/p>\n<p>\u201eDeutschland ist unter den G7-Staaten der einzige, in dem die Wirtschaft in einer Rezession steckt. Das liegt auch daran, dass wir uns eine \u00fcberbordende B\u00fcrokratie leisten. Deshalb ist es dringend n\u00f6tig, Unternehmen und Privatpersonen mit einem neuen B\u00fcrokratieentlastungsgesetz entschlossen von B\u00fcrokratiekosten zu befreien. Die vom Kabinett beschlossenen Eckpunkte sind ein erster Schritt auf diesem Weg. Die deutsche Verwaltung arbeitet sorgf\u00e4ltig und genau, doch Verfahren dauern lange und Genehmigungsanforderungen belasten B\u00fcrger und Betriebe. Wir m\u00fcssen dort wo es m\u00f6glich ist, \u00fcberfl\u00fcssige Vorschriften streichen und Verfahren vereinfachen. Es muss wieder attraktiv sein, in Deutschland ein Unternehmen zu gr\u00fcnden, zu investieren und Neues zu probieren. Nur so k\u00f6nnen wir den Herausforderungen der Gegenwart und Zukunft begegnen und dauerhaft Wachstum und Wohlstand sicherstellen.\u201c<\/p>\n<\/div>\n","protected":false},"excerpt":{"rendered":"<p>Zum Kabinettsbeschluss f\u00fcr ein viertes B\u00fcrokratieentlastungsgesetz erkl\u00e4rt der stellvertretende FDP-Fraktionsvorsitzende Konstantin Kuhle: \u201eDeutschland ist unter den G7-Staaten der einzige, in dem die Wirtschaft in einer Rezession steckt. Das liegt auch [&#8230;]<\/p>\n","protected":false},"author":1,"featured_media":8165,"comment_status":"open","ping_status":"closed","sticky":false,"template":"","format":"standard","meta":{"footnotes":""},"categories":[6],"tags":[132,2688,121],"class_list":["post-13076","post","type-post","status-publish","format-standard","has-post-thumbnail","hentry","category-politik","tag-buerokratie","tag-fdp-bundestag","tag-konstantin-kuhle"],"_links":{"self":[{"href":"https:\/\/fdp-aktiv.de\/blog\/wp-json\/wp\/v2\/posts\/13076","targetHints":{"allow":["GET"]}}],"collection":[{"href":"https:\/\/fdp-aktiv.de\/blog\/wp-json\/wp\/v2\/posts"}],"about":[{"href":"https:\/\/fdp-aktiv.de\/blog\/wp-json\/wp\/v2\/types\/post"}],"author":[{"embeddable":true,"href":"https:\/\/fdp-aktiv.de\/blog\/wp-json\/wp\/v2\/users\/1"}],"replies":[{"embeddable":true,"href":"https:\/\/fdp-aktiv.de\/blog\/wp-json\/wp\/v2\/comments?post=13076"}],"version-history":[{"count":1,"href":"https:\/\/fdp-aktiv.de\/blog\/wp-json\/wp\/v2\/posts\/13076\/revisions"}],"predecessor-version":[{"id":13081,"href":"https:\/\/fdp-aktiv.de\/blog\/wp-json\/wp\/v2\/posts\/13076\/revisions\/13081"}],"wp:featuredmedia":[{"embeddable":true,"href":"https:\/\/fdp-aktiv.de\/blog\/wp-json\/wp\/v2\/media\/8165"}],"wp:attachment":[{"href":"https:\/\/fdp-aktiv.de\/blog\/wp-json\/wp\/v2\/media?parent=13076"}],"wp:term":[{"taxonomy":"category","embeddable":true,"href":"https:\/\/fdp-aktiv.de\/blog\/wp-json\/wp\/v2\/categories?post=13076"},{"taxonomy":"post_tag","embeddable":true,"href":"https:\/\/fdp-aktiv.de\/blog\/wp-json\/wp\/v2\/tags?post=13076"}],"curies":[{"name":"wp","href":"https:\/\/api.w.org\/{rel}","templated":true}]}}