{"id":13077,"date":"2023-08-31T15:24:03","date_gmt":"2023-08-31T13:24:03","guid":{"rendered":"https:\/\/fdp-aktiv.de\/blog\/?p=13077"},"modified":"2023-08-31T15:24:03","modified_gmt":"2023-08-31T13:24:03","slug":"bundestag-meyer-wachstumschancengesetz-staerkt-wettbewerbsfaehigkeit-deutschlands","status":"publish","type":"post","link":"https:\/\/fdp-aktiv.de\/blog\/2023\/08\/31\/bundestag-meyer-wachstumschancengesetz-staerkt-wettbewerbsfaehigkeit-deutschlands\/","title":{"rendered":"Bundestag &#8211; MEYER: Wachstumschancengesetz st\u00e4rkt Wettbewerbsf\u00e4higkeit Deutschlands"},"content":{"rendered":"<div class=\"clearfix text-formatted field field--name-body field--type-text-with-summary field--label-hidden field__item\">\n<p>Zum Kabinettsbeschluss des Wachstumschancengesetzes erkl\u00e4rt der stellvertretende FDP-Fraktionsvorsitzende Christoph Meyer:<\/p>\n<p>\u201eDas heute im Kabinett beschlossene Wachstumschancengesetz darf nur der Anfang sein, um wieder zu marktwirtschaftlichen Prinzipien zur\u00fcckzukommen und die Wettbewerbsf\u00e4higkeit des Standorts Deutschland strukturell zu verbessern. Beim Wachstumschancengesetz setzen wir auf Investitionen in Energie- und Ressourceneffizienz, Anreize f\u00fcr den Wohnungsbau und B\u00fcrokratieabbau. Mit der Investitionspr\u00e4mie wird eine gewinnunabh\u00e4ngige Pr\u00e4mie f\u00fcr Wirtschaftsg\u00fcter aus den Bereichen Energie- und Ressourceneffizienz eingef\u00fchrt. Dar\u00fcber hinaus wird unternehmerisches Risiko durch die Ausweitung des Verlustabzugs st\u00e4rker belohnt. Das deutsche Steuersystem wird an vielen Stellen vereinfacht und b\u00fcrokratische Hemmnisse werden abgebaut. Diese Entlastung m\u00fcssen wir f\u00fcr die breite Mitte der Gesellschaft, die Betriebe und die Industrie fortsetzen. Mehr Wettbewerbsf\u00e4higkeit schaffen wir nur mit weniger Steuern, weniger B\u00fcrokratie und der Mobilisierung von privatem Kapital.\u201c<\/p>\n<\/div>\n","protected":false},"excerpt":{"rendered":"<p>Zum Kabinettsbeschluss des Wachstumschancengesetzes erkl\u00e4rt der stellvertretende FDP-Fraktionsvorsitzende Christoph Meyer: \u201eDas heute im Kabinett beschlossene Wachstumschancengesetz darf nur der Anfang sein, um wieder zu marktwirtschaftlichen Prinzipien zur\u00fcckzukommen und die Wettbewerbsf\u00e4higkeit [&#8230;]<\/p>\n","protected":false},"author":1,"featured_media":5508,"comment_status":"open","ping_status":"closed","sticky":false,"template":"","format":"standard","meta":{"footnotes":""},"categories":[8],"tags":[2322,2688,3822,3806],"class_list":["post-13077","post","type-post","status-publish","format-standard","has-post-thumbnail","hentry","category-wirtschaft","tag-christoph-meyer","tag-fdp-bundestag","tag-wachstumschancengesetz","tag-wettbewerbsfaehigkeit"],"_links":{"self":[{"href":"https:\/\/fdp-aktiv.de\/blog\/wp-json\/wp\/v2\/posts\/13077","targetHints":{"allow":["GET"]}}],"collection":[{"href":"https:\/\/fdp-aktiv.de\/blog\/wp-json\/wp\/v2\/posts"}],"about":[{"href":"https:\/\/fdp-aktiv.de\/blog\/wp-json\/wp\/v2\/types\/post"}],"author":[{"embeddable":true,"href":"https:\/\/fdp-aktiv.de\/blog\/wp-json\/wp\/v2\/users\/1"}],"replies":[{"embeddable":true,"href":"https:\/\/fdp-aktiv.de\/blog\/wp-json\/wp\/v2\/comments?post=13077"}],"version-history":[{"count":1,"href":"https:\/\/fdp-aktiv.de\/blog\/wp-json\/wp\/v2\/posts\/13077\/revisions"}],"predecessor-version":[{"id":13083,"href":"https:\/\/fdp-aktiv.de\/blog\/wp-json\/wp\/v2\/posts\/13077\/revisions\/13083"}],"wp:featuredmedia":[{"embeddable":true,"href":"https:\/\/fdp-aktiv.de\/blog\/wp-json\/wp\/v2\/media\/5508"}],"wp:attachment":[{"href":"https:\/\/fdp-aktiv.de\/blog\/wp-json\/wp\/v2\/media?parent=13077"}],"wp:term":[{"taxonomy":"category","embeddable":true,"href":"https:\/\/fdp-aktiv.de\/blog\/wp-json\/wp\/v2\/categories?post=13077"},{"taxonomy":"post_tag","embeddable":true,"href":"https:\/\/fdp-aktiv.de\/blog\/wp-json\/wp\/v2\/tags?post=13077"}],"curies":[{"name":"wp","href":"https:\/\/api.w.org\/{rel}","templated":true}]}}