{"id":13165,"date":"2023-09-06T15:25:09","date_gmt":"2023-09-06T13:25:09","guid":{"rendered":"https:\/\/fdp-aktiv.de\/blog\/?p=13165"},"modified":"2023-09-06T15:25:09","modified_gmt":"2023-09-06T13:25:09","slug":"luksic-bis-ende-juni-bundeshilfen-in-hoehe-von-ueber-27-millionen-euro-fuer-krankenhaeuser-im-saarland","status":"publish","type":"post","link":"https:\/\/fdp-aktiv.de\/blog\/2023\/09\/06\/luksic-bis-ende-juni-bundeshilfen-in-hoehe-von-ueber-27-millionen-euro-fuer-krankenhaeuser-im-saarland\/","title":{"rendered":"Luksic: Bis Ende Juni Bundeshilfen in H\u00f6he von \u00fcber 27 Millionen Euro f\u00fcr Krankenh\u00e4user im Saarland"},"content":{"rendered":"<div class=\"clearfix text-formatted field field--name-field-body field--type-text-long field--label-hidden field__item\">\n<p>Der Bund unterst\u00fctzt in Zeiten stark gestiegener Energiepreise bundesweit \u00fcber 1.600 Krankenh\u00e4user mit bis zu 6 Milliarden Euro.<\/p>\n<p>\u201eBis Ende Juni dieses Jahres haben 20 Krankenh\u00e4user im Saarland bereits Mittel in H\u00f6he von insgesamt \u00fcber 27,6 Millionen Euro vom Bund erhalten. Weitere 15,4 Millionen Euro sollen noch bis Mitte Oktober ausgezahlt werden\u201c, freut sich der saarl\u00e4ndische Bundestagsabgeordnete Oliver Luksic (FDP).<\/p>\n<p>Die Auszahlung der Energiehilfen des Bundes f\u00fcr direkte sowie indirekte Energiemehrkosten an Krankenh\u00e4user erfolgt in mehreren Tranchen. Am 8. August 2023 wurde eine weitere Teilzahlung vom Bund bzw. dem Bundesamt f\u00fcr Soziale Sicherung an die L\u00e4nder oder die zust\u00e4ndigen Krankenkassen zur Weiterleitung an die Krankenh\u00e4user geleistet. Zu dieser Auszahlung liegen dem Bund aber noch keine nach Krankenh\u00e4usern aufgeschl\u00fcsselten Daten vor.<\/p>\n<p>\u201eIn den n\u00e4chsten Monaten und im Fr\u00fchjahr des kommenden Jahres wird der Bund weitere Hilfen an Krankenh\u00e4user zahlen,\u201c erkl\u00e4rt Oliver Luksic. Bis zum Ende des Jahres werden sich die vom Bund ausgezahlten Hilfen auf insgesamt knapp 4 Milliarden Euro belaufen. F\u00fcr das n\u00e4chste Jahr stehen insgesamt rund 2 Milliarden Euro zum Ausgleich f\u00fcr direkte und indirekte Energiemehrkosten zur Verf\u00fcgung.<\/p>\n<p>\u201eObwohl der Bund f\u00fcr die Finanzierung von Krankenh\u00e4usern nicht zust\u00e4ndig ist, leistet er mit seinen Hilfen eine tatkr\u00e4ftige Unterst\u00fctzung in der Krise. Hiervon profitiert auch das Saarland\u201c, stellt Luksic fest. W\u00e4hrend der Bund in der Krise finanziell einspringt, kommen die L\u00e4nder allerdings ihrer Verantwortung bei der Finanzierung von Krankenhausinvestitionen seit Jahren nicht nach. Das Deutsche \u00c4rzteblatt hat f\u00fcr das Saarland im Zeitraum 2014 bis 2021 eine Investitionsl\u00fccke in H\u00f6he von insgesamt 346,5 Millionen Euro berechnet. \u201eEs ist nicht die Aufgabe des Bundes die Vers\u00e4umnisse der L\u00e4nder auszugleichen. Die saarl\u00e4ndische Landesregierung muss endlich ausreichend Mittel f\u00fcr Investitionen in Krankenh\u00e4user bereitstellen\u201c, betont Luksic. \u201eW\u00e4ren die L\u00e4nder ihrer Verantwortung bei den Investitionen in der Vergangenheit gerecht geworden, st\u00fcnden die Krankenh\u00e4user finanziell besser da und die Energiekosten w\u00fcrden aktuell niedriger ausfallen. Aufgrund zu geringer Investitionen sind oftmals auch energetische Sanierungen unzureichend erfolgt\u201c, so Luksic abschlie\u00dfend.<\/p>\n<\/div>\n","protected":false},"excerpt":{"rendered":"<p>Der Bund unterst\u00fctzt in Zeiten stark gestiegener Energiepreise bundesweit \u00fcber 1.600 Krankenh\u00e4user mit bis zu 6 Milliarden Euro. \u201eBis Ende Juni dieses Jahres haben 20 Krankenh\u00e4user im Saarland bereits Mittel [&#8230;]<\/p>\n","protected":false},"author":1,"featured_media":12812,"comment_status":"open","ping_status":"closed","sticky":false,"template":"","format":"standard","meta":{"footnotes":""},"categories":[55,123],"tags":[2749,1866,708,1446,762],"class_list":["post-13165","post","type-post","status-publish","format-standard","has-post-thumbnail","hentry","category-finanzen","category-gesundheit","tag-bundeshilfen","tag-energiepreise","tag-fdp-saar","tag-krankenhaus","tag-oliver-luksic"],"_links":{"self":[{"href":"https:\/\/fdp-aktiv.de\/blog\/wp-json\/wp\/v2\/posts\/13165","targetHints":{"allow":["GET"]}}],"collection":[{"href":"https:\/\/fdp-aktiv.de\/blog\/wp-json\/wp\/v2\/posts"}],"about":[{"href":"https:\/\/fdp-aktiv.de\/blog\/wp-json\/wp\/v2\/types\/post"}],"author":[{"embeddable":true,"href":"https:\/\/fdp-aktiv.de\/blog\/wp-json\/wp\/v2\/users\/1"}],"replies":[{"embeddable":true,"href":"https:\/\/fdp-aktiv.de\/blog\/wp-json\/wp\/v2\/comments?post=13165"}],"version-history":[{"count":1,"href":"https:\/\/fdp-aktiv.de\/blog\/wp-json\/wp\/v2\/posts\/13165\/revisions"}],"predecessor-version":[{"id":13166,"href":"https:\/\/fdp-aktiv.de\/blog\/wp-json\/wp\/v2\/posts\/13165\/revisions\/13166"}],"wp:featuredmedia":[{"embeddable":true,"href":"https:\/\/fdp-aktiv.de\/blog\/wp-json\/wp\/v2\/media\/12812"}],"wp:attachment":[{"href":"https:\/\/fdp-aktiv.de\/blog\/wp-json\/wp\/v2\/media?parent=13165"}],"wp:term":[{"taxonomy":"category","embeddable":true,"href":"https:\/\/fdp-aktiv.de\/blog\/wp-json\/wp\/v2\/categories?post=13165"},{"taxonomy":"post_tag","embeddable":true,"href":"https:\/\/fdp-aktiv.de\/blog\/wp-json\/wp\/v2\/tags?post=13165"}],"curies":[{"name":"wp","href":"https:\/\/api.w.org\/{rel}","templated":true}]}}