{"id":13167,"date":"2023-09-06T15:37:37","date_gmt":"2023-09-06T13:37:37","guid":{"rendered":"https:\/\/fdp-aktiv.de\/blog\/?p=13167"},"modified":"2024-06-20T22:55:42","modified_gmt":"2024-06-20T20:55:42","slug":"lindemann-zu-den-von-cdu-und-spd-geplanten-kuerzungen-bei-der-qualifizierung-und-beruflichen-weiterbildung","status":"publish","type":"post","link":"https:\/\/fdp-aktiv.de\/blog\/2023\/09\/06\/lindemann-zu-den-von-cdu-und-spd-geplanten-kuerzungen-bei-der-qualifizierung-und-beruflichen-weiterbildung\/","title":{"rendered":"Lindemann zu den von CDU und SPD geplanten K\u00fcrzungen bei der Qualifizierung und beruflichen Weiterbildung"},"content":{"rendered":"<p>\u201eDass der Berliner Senat die Zusch\u00fcsse f\u00fcr die berufliche Bildung zusammenstreicht, ist besch\u00e4mend. Die Bildungssituation in der Hauptstadt ist katastrophal, aber Schwarz-Rot hat u.a. keine Gelder f\u00fcr die Bereiche berufliche Weiterbildung, Jobcoaching, Qualifizierung und Berufsausbildung. Jedoch der Ankauf von Bestandswohnungen oder auch die Ausweitung von Milieuschutzgebieten werden vorangetrieben. Daf\u00fcr ist Geld vorhanden, obwohl das die Situation auf dem Berliner Wohnungsmarkt nicht verbessert. Damit zeigt sich deutlich, dass die Berliner Landesregierung falsche Priorit\u00e4ten setzt und realit\u00e4tsfremd handelt. Wie soll in Berlin ein Aufstiegsversprechen gelingen, wenn die \u00f6ffentliche Hand ihr Engagement in den Bereichen Bildung, Aus- und Weiterbildung zur\u00fcckf\u00e4hrt? Das ist ganz sicher nicht \u201edas Beste f\u00fcr Berlin\u201c &#8211; die Zukunft unserer Kinder und unserer Gesellschaft stehen auf dem Spiel und genau hier f\u00e4ngt Schwarz-Rot an zu sparen.&#8221;<\/p>\n<p>&nbsp;<\/p>\n","protected":false},"excerpt":{"rendered":"<p>\u201eDass der Berliner Senat die Zusch\u00fcsse f\u00fcr die berufliche Bildung zusammenstreicht, ist besch\u00e4mend. Die Bildungssituation in der Hauptstadt ist katastrophal, aber Schwarz-Rot hat u.a. keine Gelder f\u00fcr die Bereiche berufliche [&#8230;]<\/p>\n","protected":false},"author":1,"featured_media":10345,"comment_status":"open","ping_status":"closed","sticky":false,"template":"","format":"standard","meta":{"footnotes":""},"categories":[34],"tags":[706,3242,2564,1770],"class_list":["post-13167","post","type-post","status-publish","format-standard","has-post-thumbnail","hentry","category-bildung","tag-fdp-berlin","tag-lars-lindemann","tag-qualifizierung","tag-weiterbildung"],"_links":{"self":[{"href":"https:\/\/fdp-aktiv.de\/blog\/wp-json\/wp\/v2\/posts\/13167","targetHints":{"allow":["GET"]}}],"collection":[{"href":"https:\/\/fdp-aktiv.de\/blog\/wp-json\/wp\/v2\/posts"}],"about":[{"href":"https:\/\/fdp-aktiv.de\/blog\/wp-json\/wp\/v2\/types\/post"}],"author":[{"embeddable":true,"href":"https:\/\/fdp-aktiv.de\/blog\/wp-json\/wp\/v2\/users\/1"}],"replies":[{"embeddable":true,"href":"https:\/\/fdp-aktiv.de\/blog\/wp-json\/wp\/v2\/comments?post=13167"}],"version-history":[{"count":2,"href":"https:\/\/fdp-aktiv.de\/blog\/wp-json\/wp\/v2\/posts\/13167\/revisions"}],"predecessor-version":[{"id":13169,"href":"https:\/\/fdp-aktiv.de\/blog\/wp-json\/wp\/v2\/posts\/13167\/revisions\/13169"}],"wp:featuredmedia":[{"embeddable":true,"href":"https:\/\/fdp-aktiv.de\/blog\/wp-json\/wp\/v2\/media\/10345"}],"wp:attachment":[{"href":"https:\/\/fdp-aktiv.de\/blog\/wp-json\/wp\/v2\/media?parent=13167"}],"wp:term":[{"taxonomy":"category","embeddable":true,"href":"https:\/\/fdp-aktiv.de\/blog\/wp-json\/wp\/v2\/categories?post=13167"},{"taxonomy":"post_tag","embeddable":true,"href":"https:\/\/fdp-aktiv.de\/blog\/wp-json\/wp\/v2\/tags?post=13167"}],"curies":[{"name":"wp","href":"https:\/\/api.w.org\/{rel}","templated":true}]}}