{"id":1318,"date":"2021-05-14T15:38:08","date_gmt":"2021-05-14T13:38:08","guid":{"rendered":"https:\/\/fdp-aktiv.de\/blog\/?p=1318"},"modified":"2021-08-25T08:15:49","modified_gmt":"2021-08-25T06:15:49","slug":"suding-schulen-muessen-unverzueglich-geoeffnet-werden","status":"publish","type":"post","link":"https:\/\/fdp-aktiv.de\/blog\/2021\/05\/14\/suding-schulen-muessen-unverzueglich-geoeffnet-werden\/","title":{"rendered":"SUDING: Schulen m\u00fcssen unverz\u00fcglich ge\u00f6ffnet werden"},"content":{"rendered":"<figure id=\"attachment_1029\" aria-describedby=\"caption-attachment-1029\" style=\"width: 620px\" class=\"wp-caption alignnone\"><img loading=\"lazy\" decoding=\"async\" class=\"size-full wp-image-1029\" src=\"https:\/\/fdp-aktiv.de\/blog\/wp-content\/uploads\/2021\/04\/2-format2003.jpg\" alt=\"Katja Suding\" width=\"620\" height=\"349\" srcset=\"https:\/\/fdp-aktiv.de\/blog\/wp-content\/uploads\/2021\/04\/2-format2003.jpg 620w, https:\/\/fdp-aktiv.de\/blog\/wp-content\/uploads\/2021\/04\/2-format2003-300x169.jpg 300w\" sizes=\"auto, (max-width: 620px) 100vw, 620px\" \/><figcaption id=\"caption-attachment-1029\" class=\"wp-caption-text\">Katja Suding<\/figcaption><\/figure>\n<div class=\"clearfix text-formatted field field--name-body field--type-text-with-summary field--label-hidden field__item\">\n<p>Zur Forderung des Deutschen Landkreistages nach einer bundesweiten R\u00fcckkehr zu normalem Schulunterricht erkl\u00e4rt die stellvertretende FDP-Fraktionsvorsitzende Katja Suding:<\/p>\n<p>\u201eDie Forderung des Deutschen Landkreistages geht in die richtige Richtung. Die Schulen sollten aber nicht erst im Juni f\u00fcr alle Kinder und Jugendlichen wieder ge\u00f6ffnet werden, sondern unverz\u00fcglich. Jede weitere Verz\u00f6gerung ist ein Bruch des Versprechens der Bundesregierung an Sch\u00fcler und Eltern, die Schulen bei sinkenden Fallzahlen als allererstes wieder zu \u00f6ffnen. Es gibt l\u00e4ngst keinen Grund mehr, Kindern ihr Recht auf Bildung noch l\u00e4nger zu verwehren. Luftfilter, kluge Hygienekonzepte und Impfungen f\u00fcr Lehrkr\u00e4fte erm\u00f6glichen trotz Pandemie einen sicheren Pr\u00e4senzunterricht. Angesichts der katastrophalen Folgen monatelang geschlossener Schulen d\u00fcrfen wir jetzt keine Zeit mehr verlieren.\u201c<\/p>\n<\/div>\n<h3>Quelle:<\/h3>\n<p><a href=\"http:\/\/www.fdpbt.de\">Fraktion der Freien Demokraten im Deutschen Bundestag<\/a>\u00a0 \u00a0&#8211;\u00a0 \u00a014.05.21\u00a0 \u00a0&#8211;\u00a0 \u00a015:00 Uhr<\/p>\n<p>&nbsp;<\/p>\n","protected":false},"excerpt":{"rendered":"<p>Zur Forderung des Deutschen Landkreistages nach einer bundesweiten R\u00fcckkehr zu normalem Schulunterricht erkl\u00e4rt die stellvertretende FDP-Fraktionsvorsitzende Katja Suding: \u201eDie Forderung des Deutschen Landkreistages geht in die richtige Richtung. Die Schulen [&#8230;]<\/p>\n","protected":false},"author":1,"featured_media":0,"comment_status":"open","ping_status":"closed","sticky":false,"template":"","format":"standard","meta":{"footnotes":""},"categories":[34],"tags":[136,907,199,374,339],"class_list":["post-1318","post","type-post","status-publish","format-standard","hentry","category-bildung","tag-corona-politik","tag-fdp-aktiv","tag-katja-suding","tag-oeffnung","tag-schulen"],"_links":{"self":[{"href":"https:\/\/fdp-aktiv.de\/blog\/wp-json\/wp\/v2\/posts\/1318","targetHints":{"allow":["GET"]}}],"collection":[{"href":"https:\/\/fdp-aktiv.de\/blog\/wp-json\/wp\/v2\/posts"}],"about":[{"href":"https:\/\/fdp-aktiv.de\/blog\/wp-json\/wp\/v2\/types\/post"}],"author":[{"embeddable":true,"href":"https:\/\/fdp-aktiv.de\/blog\/wp-json\/wp\/v2\/users\/1"}],"replies":[{"embeddable":true,"href":"https:\/\/fdp-aktiv.de\/blog\/wp-json\/wp\/v2\/comments?post=1318"}],"version-history":[{"count":1,"href":"https:\/\/fdp-aktiv.de\/blog\/wp-json\/wp\/v2\/posts\/1318\/revisions"}],"predecessor-version":[{"id":1319,"href":"https:\/\/fdp-aktiv.de\/blog\/wp-json\/wp\/v2\/posts\/1318\/revisions\/1319"}],"wp:attachment":[{"href":"https:\/\/fdp-aktiv.de\/blog\/wp-json\/wp\/v2\/media?parent=1318"}],"wp:term":[{"taxonomy":"category","embeddable":true,"href":"https:\/\/fdp-aktiv.de\/blog\/wp-json\/wp\/v2\/categories?post=1318"},{"taxonomy":"post_tag","embeddable":true,"href":"https:\/\/fdp-aktiv.de\/blog\/wp-json\/wp\/v2\/tags?post=1318"}],"curies":[{"name":"wp","href":"https:\/\/api.w.org\/{rel}","templated":true}]}}