{"id":13242,"date":"2023-09-08T15:57:53","date_gmt":"2023-09-08T13:57:53","guid":{"rendered":"https:\/\/fdp-aktiv.de\/blog\/?p=13242"},"modified":"2023-09-08T15:57:53","modified_gmt":"2023-09-08T13:57:53","slug":"bundestag-koehler-technologieoffenes-heizungsgesetz-wird-niemanden-finanziell-ueberfordern","status":"publish","type":"post","link":"https:\/\/fdp-aktiv.de\/blog\/2023\/09\/08\/bundestag-koehler-technologieoffenes-heizungsgesetz-wird-niemanden-finanziell-ueberfordern\/","title":{"rendered":"Bundestag &#8211; K\u00d6HLER: Technologieoffenes Heizungsgesetz wird niemanden finanziell \u00fcberfordern"},"content":{"rendered":"<table>\n<tbody>\n<tr>\n<td>\n<table width=\"100%\">\n<tbody>\n<tr>\n<td>Zur Verabschiedung des Geb\u00e4udeenergiegesetzes erkl\u00e4rt der stellvertretende FDP-Fraktionsvorsitzende Dr. Lukas K\u00f6hler:<\/p>\n<p>\u201eMit dem \u00fcberarbeiteten Geb\u00e4udeenergiegesetz gestalten wir den Umstieg auf klimafreundliches Heizen praxistauglich und technologieoffen und stellen sicher, dass niemand finanziell \u00fcberfordert wird. Verbraucher und Unternehmen bekommen nun die Planungssicherheit, die sie f\u00fcr ihre Investitionsentscheidungen brauchen. Wir haben den urspr\u00fcnglichen Gesetzentwurf um 180 Grad gedreht und so vom Kopf auf die F\u00fc\u00dfe gestellt. Entscheidend ist, dass es keine Eingriffe ins Eigentum gibt und zuerst der Staat mit einer kommunalen W\u00e4rmeplanung in Vorleistung gehen muss. Zum 1. Januar 2024 wird sich weder im Geb\u00e4udebestand noch im Neubau au\u00dferhalb von Neubaugebieten etwas \u00e4ndern. Niemand muss eine funktionierende Heizung ausbauen, Reparaturen bleiben jederzeit m\u00f6glich. Die einzige Vorgabe ist, dass neu eingebaute Heizungen zumindest das Potenzial haben m\u00fcssen, klimaneutral zu sein \u2013 was zum Beispiel auch f\u00fcr auf Wasserstoff umr\u00fcstbare Gasheizungen gilt. Damit stellen wir sicher, dass die Heizung zum Haus passt und die B\u00fcrger weiter selbstbestimmt entscheiden k\u00f6nnen. Dieser klare liberale Ansatz spiegelt sich auch in der begleitenden F\u00f6rdersystematik wider. Die F\u00f6rdersystematik gew\u00e4hrleistet, dass niemand von den Investitionskosten finanziell \u00fcberfordert wird. Die F\u00f6rderung erfolgt unabh\u00e4ngig vom Einkommen, technologieoffen und unter Ber\u00fccksichtigung von Wirtschaftlichkeitsaspekten. Konkret kann die Zuschussf\u00f6rderung bis zu 70 Prozent betragen. F\u00fcr jedes Haus und jede Heizung wird es also eine passgenaue L\u00f6sung geben, die praxistauglich und finanzierbar ist.\u201c<\/td>\n<\/tr>\n<\/tbody>\n<\/table>\n<\/td>\n<\/tr>\n<\/tbody>\n<\/table>\n","protected":false},"excerpt":{"rendered":"<p>Zur Verabschiedung des Geb\u00e4udeenergiegesetzes erkl\u00e4rt der stellvertretende FDP-Fraktionsvorsitzende Dr. Lukas K\u00f6hler: \u201eMit dem \u00fcberarbeiteten Geb\u00e4udeenergiegesetz gestalten wir den Umstieg auf klimafreundliches Heizen praxistauglich und technologieoffen und stellen sicher, dass niemand [&#8230;]<\/p>\n","protected":false},"author":1,"featured_media":3471,"comment_status":"open","ping_status":"closed","sticky":false,"template":"","format":"standard","meta":{"footnotes":""},"categories":[1979],"tags":[1154,2688,3366],"class_list":["post-13242","post","type-post","status-publish","format-standard","has-post-thumbnail","hentry","category-energie","tag-dr-lukas-koehler","tag-fdp-bundestag","tag-heizungsgesetz"],"_links":{"self":[{"href":"https:\/\/fdp-aktiv.de\/blog\/wp-json\/wp\/v2\/posts\/13242","targetHints":{"allow":["GET"]}}],"collection":[{"href":"https:\/\/fdp-aktiv.de\/blog\/wp-json\/wp\/v2\/posts"}],"about":[{"href":"https:\/\/fdp-aktiv.de\/blog\/wp-json\/wp\/v2\/types\/post"}],"author":[{"embeddable":true,"href":"https:\/\/fdp-aktiv.de\/blog\/wp-json\/wp\/v2\/users\/1"}],"replies":[{"embeddable":true,"href":"https:\/\/fdp-aktiv.de\/blog\/wp-json\/wp\/v2\/comments?post=13242"}],"version-history":[{"count":1,"href":"https:\/\/fdp-aktiv.de\/blog\/wp-json\/wp\/v2\/posts\/13242\/revisions"}],"predecessor-version":[{"id":13243,"href":"https:\/\/fdp-aktiv.de\/blog\/wp-json\/wp\/v2\/posts\/13242\/revisions\/13243"}],"wp:featuredmedia":[{"embeddable":true,"href":"https:\/\/fdp-aktiv.de\/blog\/wp-json\/wp\/v2\/media\/3471"}],"wp:attachment":[{"href":"https:\/\/fdp-aktiv.de\/blog\/wp-json\/wp\/v2\/media?parent=13242"}],"wp:term":[{"taxonomy":"category","embeddable":true,"href":"https:\/\/fdp-aktiv.de\/blog\/wp-json\/wp\/v2\/categories?post=13242"},{"taxonomy":"post_tag","embeddable":true,"href":"https:\/\/fdp-aktiv.de\/blog\/wp-json\/wp\/v2\/tags?post=13242"}],"curies":[{"name":"wp","href":"https:\/\/api.w.org\/{rel}","templated":true}]}}