{"id":13288,"date":"2023-09-11T14:41:39","date_gmt":"2023-09-11T12:41:39","guid":{"rendered":"https:\/\/fdp-aktiv.de\/blog\/?p=13288"},"modified":"2023-09-11T14:41:39","modified_gmt":"2023-09-11T12:41:39","slug":"migrationspolitik-in-thueringen-unbedingt-wieder-im-innenministerium-ansiedeln","status":"publish","type":"post","link":"https:\/\/fdp-aktiv.de\/blog\/2023\/09\/11\/migrationspolitik-in-thueringen-unbedingt-wieder-im-innenministerium-ansiedeln\/","title":{"rendered":"Migrationspolitik in Th\u00fcringen unbedingt wieder im Innenministerium ansiedeln"},"content":{"rendered":"<div class=\"clearfix text-formatted field field--name-body field--type-text-with-summary field--label-hidden field__item\">\n<p><strong>Thomas L. Kemmerich: Weg von der Symbolpolitik, hin zum zielorientierten Handeln!<\/strong><\/p>\n<p>Th\u00fcringen soll sich f\u00fcr eine Aufnahme der Maghreb-Staaten (Algerien, Marokko und Tunesien) auf die Liste der sicheren Herkunftsstaaten einsetzen. Das fordert mittlerweile auch Innenminister Georg Maier (SPD). \u201eWeg von der Symbolpolitik, hin zum zielorientierten Handeln! Es ist richtig und wichtig, dass endlich auch die Th\u00fcringer SPD umdenkt und zur Vernunft kommt. Eine solche Ausweitung ist ein wichtiger Schritt, um Asylantr\u00e4ge aus sicheren L\u00e4ndern schnell bearbeiten zu k\u00f6nnen. Vor allem aber verringert sie Anreize zur irregul\u00e4ren Migration\u201c, sagt Thomas L. Kemmerich, Vorsitzender der FDP im Th\u00fcringer Landtag. Er verweist darauf, dass die SPD-Fraktion noch im Juli vehement gegen einen FDP-Antrag zur Ausweitung der Liste der sicheren Herkunftsstaaten gestimmt hat.<\/p>\n<p>\u201eEs ist l\u00e4ngst \u00fcberf\u00e4llig, dass sich die Th\u00fcringer Minderheitskoalition zu einer realistischen Migrationspolitik bekennt. Wer nur die Hand im Sozialsystem aufhalten m\u00f6chte, darf nicht l\u00e4nger willkommen gehei\u00dfen werden\u201c, so Kemmerich. \u201eDie massiven Probleme der Kommunen bei der Unterbringung wurzeln auch darin, dass R2G nicht konsequent f\u00fcr Abschiebung sorgt.\u201c Allein in Th\u00fcringen halten sich rund 6000 Menschen auf, bei denen rechtsstaatlich die Ausreisepflicht festgestellt wurde.<\/p>\n<p>Der FDP-Politiker schl\u00e4gt vor, die Zust\u00e4ndigkeit f\u00fcr Migrationsthemen in Th\u00fcringen wieder im Innenministerium anzusiedeln, ganz so, wie es in den anderen Bundesl\u00e4ndern der Fall ist. Die Pl\u00e4ne der Minderheitsregierung, ein Landesamt f\u00fcr Migration einzurichten, sind nicht zielf\u00fchrend. Statt einen Millionenbetrag in einen solchen Wasserkopf zu stecken, sollte das Geld zur L\u00f6sung der unmittelbaren Aufgaben an die Kommunen weitergereicht werden.<\/p>\n<\/div>\n","protected":false},"excerpt":{"rendered":"<p>Thomas L. Kemmerich: Weg von der Symbolpolitik, hin zum zielorientierten Handeln! Th\u00fcringen soll sich f\u00fcr eine Aufnahme der Maghreb-Staaten (Algerien, Marokko und Tunesien) auf die Liste der sicheren Herkunftsstaaten einsetzen. [&#8230;]<\/p>\n","protected":false},"author":1,"featured_media":1115,"comment_status":"open","ping_status":"closed","sticky":false,"template":"","format":"standard","meta":{"footnotes":""},"categories":[5],"tags":[669,693,271],"class_list":["post-13288","post","type-post","status-publish","format-standard","has-post-thumbnail","hentry","category-aussenpolitik","tag-fdp-thueringen","tag-migration","tag-thomas-kemmerich"],"_links":{"self":[{"href":"https:\/\/fdp-aktiv.de\/blog\/wp-json\/wp\/v2\/posts\/13288","targetHints":{"allow":["GET"]}}],"collection":[{"href":"https:\/\/fdp-aktiv.de\/blog\/wp-json\/wp\/v2\/posts"}],"about":[{"href":"https:\/\/fdp-aktiv.de\/blog\/wp-json\/wp\/v2\/types\/post"}],"author":[{"embeddable":true,"href":"https:\/\/fdp-aktiv.de\/blog\/wp-json\/wp\/v2\/users\/1"}],"replies":[{"embeddable":true,"href":"https:\/\/fdp-aktiv.de\/blog\/wp-json\/wp\/v2\/comments?post=13288"}],"version-history":[{"count":1,"href":"https:\/\/fdp-aktiv.de\/blog\/wp-json\/wp\/v2\/posts\/13288\/revisions"}],"predecessor-version":[{"id":13289,"href":"https:\/\/fdp-aktiv.de\/blog\/wp-json\/wp\/v2\/posts\/13288\/revisions\/13289"}],"wp:featuredmedia":[{"embeddable":true,"href":"https:\/\/fdp-aktiv.de\/blog\/wp-json\/wp\/v2\/media\/1115"}],"wp:attachment":[{"href":"https:\/\/fdp-aktiv.de\/blog\/wp-json\/wp\/v2\/media?parent=13288"}],"wp:term":[{"taxonomy":"category","embeddable":true,"href":"https:\/\/fdp-aktiv.de\/blog\/wp-json\/wp\/v2\/categories?post=13288"},{"taxonomy":"post_tag","embeddable":true,"href":"https:\/\/fdp-aktiv.de\/blog\/wp-json\/wp\/v2\/tags?post=13288"}],"curies":[{"name":"wp","href":"https:\/\/api.w.org\/{rel}","templated":true}]}}