{"id":13322,"date":"2023-09-14T16:57:12","date_gmt":"2023-09-14T14:57:12","guid":{"rendered":"https:\/\/fdp-aktiv.de\/blog\/?p=13322"},"modified":"2023-09-14T16:57:12","modified_gmt":"2023-09-14T14:57:12","slug":"baden-wuerttemberg-bonath-zielverfehlung-vorprogrammiert","status":"publish","type":"post","link":"https:\/\/fdp-aktiv.de\/blog\/2023\/09\/14\/baden-wuerttemberg-bonath-zielverfehlung-vorprogrammiert\/","title":{"rendered":"Baden-W\u00fcrttemberg &#8211; Bonath: Zielverfehlung vorprogrammiert"},"content":{"rendered":"<p>Windrad-Baustau Eingest\u00e4ndnis wirklichkeitsfremder <a href=\"https:\/\/fdp-aktiv.de\/blog\/2021\/01\/29\/fdp-forderung-energiepolitik\/\" data-internallinksmanager029f6b8e52c=\"6\" title=\"FDP Forderung Energiepolitik\" target=\"_blank\" rel=\"noopener\">Energiepolitik<\/a><\/p>\n<p>Zur Meldung, wonach Landwirtschaftsminister Hauk skeptisch auf die landeseigenen Ausbauziele bei der Windkraft blickt, sagte der energiepolitische Sprecher der FDP\/DVP-Fraktion, <strong>Frank Bonath<\/strong>:<\/p>\n<p>\u201eNoch vor wenigen Wochen hat sich Ministerpr\u00e4sident Kretschmann ausgiebig \u00fcber den Bau hunderter Windkraftanlagen in Baden-W\u00fcrttemberg ausgelassen und eine regelrechte Trendwende herbeiphantasiert. Heute meldet der Landwirtschaftsminister erste Zweifel an. F\u00fcr nicht eine einzige der im Staatswald ausgeschriebenen Windkraftfl\u00e4chen wurde bislang ein Baugenehmigungsantrag gestellt. Der Baustau im Staatswald steht stellvertretend f\u00fcr die wirklichkeitsfremde <a href=\"https:\/\/fdp-aktiv.de\/blog\/2021\/01\/29\/fdp-forderung-energiepolitik\/\" data-internallinksmanager029f6b8e52c=\"6\" title=\"FDP Forderung Energiepolitik\" target=\"_blank\" rel=\"noopener\">Energiepolitik<\/a> der Landesregierung. Er zeigt: gew\u00fcnscht ist nicht gemacht, geplant ist nicht gebaut.<\/p>\n<p>&nbsp;<\/p>\n<p>Statt in planwirtschaftlicher Manier immer neue Ausbauziele zu verk\u00fcnden, sollte Gr\u00fcn-Schwarz endlich die Modernisierung der Energieinfrastruktur im Land vorantreiben. Allein beim Strom\u00fcbertragungsnetz hat sich ein R\u00fcckstand von fast 600 Kilometern angestaut, der die Stromkosten treibt und die Wirtschaft belastet. Von einem intelligenten Design unserer Energieversorgung sind wir meilenweit entfernt. Die Prognose und Planung, der Bau und Betrieb von Energieanlagen muss endlich integral mit der Netztransformation erfolgen.\u201c<\/p>\n<p>&nbsp;<\/p>\n","protected":false},"excerpt":{"rendered":"<p>Windrad-Baustau Eingest\u00e4ndnis wirklichkeitsfremder Energiepolitik Zur Meldung, wonach Landwirtschaftsminister Hauk skeptisch auf die landeseigenen Ausbauziele bei der Windkraft blickt, sagte der energiepolitische Sprecher der FDP\/DVP-Fraktion, Frank Bonath: \u201eNoch vor wenigen Wochen [&#8230;]<\/p>\n","protected":false},"author":1,"featured_media":4031,"comment_status":"open","ping_status":"closed","sticky":false,"template":"","format":"standard","meta":{"footnotes":""},"categories":[1979],"tags":[650,1518,1520,2271],"class_list":["post-13322","post","type-post","status-publish","format-standard","has-post-thumbnail","hentry","category-energie","tag-fdp-dvp","tag-frank-bonath","tag-windenergie","tag-windraeder"],"_links":{"self":[{"href":"https:\/\/fdp-aktiv.de\/blog\/wp-json\/wp\/v2\/posts\/13322","targetHints":{"allow":["GET"]}}],"collection":[{"href":"https:\/\/fdp-aktiv.de\/blog\/wp-json\/wp\/v2\/posts"}],"about":[{"href":"https:\/\/fdp-aktiv.de\/blog\/wp-json\/wp\/v2\/types\/post"}],"author":[{"embeddable":true,"href":"https:\/\/fdp-aktiv.de\/blog\/wp-json\/wp\/v2\/users\/1"}],"replies":[{"embeddable":true,"href":"https:\/\/fdp-aktiv.de\/blog\/wp-json\/wp\/v2\/comments?post=13322"}],"version-history":[{"count":1,"href":"https:\/\/fdp-aktiv.de\/blog\/wp-json\/wp\/v2\/posts\/13322\/revisions"}],"predecessor-version":[{"id":13326,"href":"https:\/\/fdp-aktiv.de\/blog\/wp-json\/wp\/v2\/posts\/13322\/revisions\/13326"}],"wp:featuredmedia":[{"embeddable":true,"href":"https:\/\/fdp-aktiv.de\/blog\/wp-json\/wp\/v2\/media\/4031"}],"wp:attachment":[{"href":"https:\/\/fdp-aktiv.de\/blog\/wp-json\/wp\/v2\/media?parent=13322"}],"wp:term":[{"taxonomy":"category","embeddable":true,"href":"https:\/\/fdp-aktiv.de\/blog\/wp-json\/wp\/v2\/categories?post=13322"},{"taxonomy":"post_tag","embeddable":true,"href":"https:\/\/fdp-aktiv.de\/blog\/wp-json\/wp\/v2\/tags?post=13322"}],"curies":[{"name":"wp","href":"https:\/\/api.w.org\/{rel}","templated":true}]}}