{"id":13323,"date":"2023-09-14T16:59:08","date_gmt":"2023-09-14T14:59:08","guid":{"rendered":"https:\/\/fdp-aktiv.de\/blog\/?p=13323"},"modified":"2023-09-14T16:59:08","modified_gmt":"2023-09-14T14:59:08","slug":"freie-demokraten-hessen-mit-sieben-trendwenden-erneuern","status":"publish","type":"post","link":"https:\/\/fdp-aktiv.de\/blog\/2023\/09\/14\/freie-demokraten-hessen-mit-sieben-trendwenden-erneuern\/","title":{"rendered":"Freie Demokraten: Hessen mit sieben Trendwenden erneuern"},"content":{"rendered":"<ul>\n<li><strong>Antworten auf die dr\u00e4ngendsten Fragen<\/strong><\/li>\n<li><strong>Hessen aus dem Stau holen und zur Wachstumsregion machen<\/strong><\/li>\n<li><strong>\u201eKein Linksruck mit den Freien Demokraten\u201c<\/strong><\/li>\n<\/ul>\n<p>&nbsp;<\/p>\n<p>Mit <a href=\"https:\/\/fdp-hessen.de\/mailster\/108184\/2bf629585c179b996e38c210db500869\/aHR0cHM6Ly9mZHAtaGVzc2VuLmRlL3NpZWJlbi10cmVuZHdlbmRlbi1mdWVyLWRpZS1taXR0ZS1pbi1oZXNzZW4v\">\u201esieben Trendwenden f\u00fcr die Mitte in Hessen\u201c<\/a> wollen die Freien Demokraten das Land nach der Landtagswahl wieder auf Kurs bringen. Ein entsprechendes Sieben-Punkte-Papier hat der Landesvorstand der FDP Hessen einstimmig beschlossen.<\/p>\n<p>\u201eDie sieben Trendwenden sind die Antworten auf die dr\u00e4ngendsten Fragen der B\u00fcrgerinnen und B\u00fcrger. Es sind L\u00f6sungen f\u00fcr die Probleme, die verkalkende Verkehrsadern, eine nur unterdurchschnittlich gewachsene Wirtschaft und ein Absinken Hessens im INSM-Bildungsmonitor unserem Land bereiten\u201c, sagte FDP-Landesvorsitzende Bettina STARK-WATZINGER heute bei einer Pressekonferenz anl\u00e4sslich der Vorstellung des Papiers in Wiesbaden. Stark-Watzinger bekr\u00e4ftigte, dass die Freien Demokraten wieder Regierungsverantwortung in Hessen \u00fcbernehmen wollen. Die sieben Trendwenden seien daf\u00fcr auch die inhaltlichen Leitplanken. \u201eWir wollen, dass unser Land in Bildung, Wissenschaft, Wirtschaft und Mobilit\u00e4t wieder spitze ist.\u201c<\/p>\n<p>Dr. Stefan NAAS, Spitzenkandidat der FDP Hessen f\u00fcr die Landtagswahl am 8. Oktober, betonte die Notwendigkeit politischer Trendwenden: \u201eNach zehn Jahren Schwarz-Gr\u00fcn ist Hessen nur noch Mittelma\u00df. Wir Freie Demokraten wollen f\u00fcr die politische Wende sorgen und die dr\u00e4ngendsten Aufgaben unverz\u00fcglich anpacken. Das erwartet die breite Mitte der Gesellschaft von der Politik \u2013 all jene, die das Land mit ihrer Leistung ma\u00dfgeblich am Laufen halten.\u201c<\/p>\n<p>Naas konkretisierte: \u201eWir machen <strong>Schluss mit Stau<\/strong>, indem wir Planungs- und Genehmigungsverfahren auf ein neues Hessen-Tempo beschleunigen und die Mittel f\u00fcr die Landesstra\u00dfen auf 200 Millionen Euro j\u00e4hrlich erh\u00f6hen. Wir machen <strong>Hessen wieder zur Wachstumsregion<\/strong> und bringen das Land in den kommenden f\u00fcnf Jahren in die Top drei der attraktivsten Wirtschaftsstandorte Europas.\u201c Der Spitzenkandidat steht dar\u00fcber hinaus f\u00fcr eine <strong>Atempause bei Steuern und Abgaben,<\/strong> unter anderem durch einen Freibetrag von 500.000 Euro f\u00fcr die erste selbst genutzte Immobilie, und f\u00fcr einen \u201e<strong>Staat, der es einfach macht\u201c:<\/strong> \u201eZum Gl\u00fcck ist B\u00fcrokratie therapierbar: durch eine tiefgreifende Verwaltungsreform und konsequente Digitalisierung.\u201c<\/p>\n<p>Hessen brauche dringend die Zuwanderung von Fachkr\u00e4ften, stehe aber aufgrund von unkontrollierter Zuwanderung vor gro\u00dfen Herausforderungen: \u201eWir wollen die <strong>Zuwanderung steuern und die Integration verbessern<\/strong>\u201c, k\u00fcndigte Naas an. Die Freien Demokraten wollen eine zentrale Ausl\u00e4nderbeh\u00f6rde schaffen, die die Fachkr\u00e4fte-Zuwanderung beschleunigt. 1500 zus\u00e4tzliche Polizeikr\u00e4fte sollen die Sicherheit im Land erh\u00f6hen. \u201eWir wollen au\u00dferdem eine <strong>Bildung, die zur Zukunft passt<\/strong> mit einem in der Verfassung verankerten Recht auf Bildung und der Ausbildung von 1500 neuen Erzieherinnen und Erziehern, und wir sehen in <strong>Technologieoffenheit den Weg zur Klimaneutralit\u00e4t.<\/strong> Wir Freie Demokraten wollen die Forschung der Fusionsenergie unterst\u00fctzen, und wir wollen Hessen zum Wasserstoffland machen.\u201c<\/p>\n<p>Moritz PROMNY, Generalsekret\u00e4r der FDP Hessen, res\u00fcmierte: \u201eWir wollen einen Regierungswechsel in Wiesbaden und die n\u00e4chste Landesregierung inhaltlich wie personell pr\u00e4gen. Die Landtagswahl am 8. Oktober entscheidet dar\u00fcber, mit welchen Inhalten Hessen k\u00fcnftig regiert wird. Wir k\u00e4mpfen f\u00fcr unser Programm und sind anschlussf\u00e4hig mit allen demokratischen Parteien in der Mitte. F\u00fcr uns stehen unsere Inhalte im Vordergrund. Wenn wir uns einem B\u00fcndnis anschlie\u00dfen, wird es keinen Linksruck in Hessen geben. Wir sind bereit, unser Land zu erneuern.\u201c<\/p>\n","protected":false},"excerpt":{"rendered":"<p>Antworten auf die dr\u00e4ngendsten Fragen Hessen aus dem Stau holen und zur Wachstumsregion machen \u201eKein Linksruck mit den Freien Demokraten\u201c &nbsp; Mit \u201esieben Trendwenden f\u00fcr die Mitte in Hessen\u201c wollen [&#8230;]<\/p>\n","protected":false},"author":1,"featured_media":11567,"comment_status":"open","ping_status":"closed","sticky":false,"template":"","format":"standard","meta":{"footnotes":""},"categories":[6],"tags":[1302,635,893],"class_list":["post-13323","post","type-post","status-publish","format-standard","has-post-thumbnail","hentry","category-politik","tag-dr-stefan-naas","tag-fdp-hessen","tag-moritz-promny"],"_links":{"self":[{"href":"https:\/\/fdp-aktiv.de\/blog\/wp-json\/wp\/v2\/posts\/13323","targetHints":{"allow":["GET"]}}],"collection":[{"href":"https:\/\/fdp-aktiv.de\/blog\/wp-json\/wp\/v2\/posts"}],"about":[{"href":"https:\/\/fdp-aktiv.de\/blog\/wp-json\/wp\/v2\/types\/post"}],"author":[{"embeddable":true,"href":"https:\/\/fdp-aktiv.de\/blog\/wp-json\/wp\/v2\/users\/1"}],"replies":[{"embeddable":true,"href":"https:\/\/fdp-aktiv.de\/blog\/wp-json\/wp\/v2\/comments?post=13323"}],"version-history":[{"count":1,"href":"https:\/\/fdp-aktiv.de\/blog\/wp-json\/wp\/v2\/posts\/13323\/revisions"}],"predecessor-version":[{"id":13327,"href":"https:\/\/fdp-aktiv.de\/blog\/wp-json\/wp\/v2\/posts\/13323\/revisions\/13327"}],"wp:featuredmedia":[{"embeddable":true,"href":"https:\/\/fdp-aktiv.de\/blog\/wp-json\/wp\/v2\/media\/11567"}],"wp:attachment":[{"href":"https:\/\/fdp-aktiv.de\/blog\/wp-json\/wp\/v2\/media?parent=13323"}],"wp:term":[{"taxonomy":"category","embeddable":true,"href":"https:\/\/fdp-aktiv.de\/blog\/wp-json\/wp\/v2\/categories?post=13323"},{"taxonomy":"post_tag","embeddable":true,"href":"https:\/\/fdp-aktiv.de\/blog\/wp-json\/wp\/v2\/tags?post=13323"}],"curies":[{"name":"wp","href":"https:\/\/api.w.org\/{rel}","templated":true}]}}