{"id":13324,"date":"2023-09-14T17:01:45","date_gmt":"2023-09-14T15:01:45","guid":{"rendered":"https:\/\/fdp-aktiv.de\/blog\/?p=13324"},"modified":"2023-09-14T17:01:45","modified_gmt":"2023-09-14T15:01:45","slug":"hamburg-schroeder-eine-vorschulpflicht-sorgt-fuer-gleiche-chancen","status":"publish","type":"post","link":"https:\/\/fdp-aktiv.de\/blog\/2023\/09\/14\/hamburg-schroeder-eine-vorschulpflicht-sorgt-fuer-gleiche-chancen\/","title":{"rendered":"Hamburg &#8211; Schr\u00f6der: Eine Vorschulpflicht sorgt f\u00fcr gleiche Chancen"},"content":{"rendered":"<div class=\"clearfix text-formatted field field--name-body field--type-text-with-summary field--label-hidden field__item\">\n<p><strong>Ties Rabe, Hamburger Senator f\u00fcr Schule und Berufsbildung, hat sich im Interview\u00a0<\/strong><strong>mit der Hamburger Morgenpost vom 9. September 2023 gegen eine Kita-Pflicht\u00a0<\/strong><strong>ausgesprochen. Dazu Ria Schr\u00f6der, MdB, stellvertretende Landesvorsitzende der\u00a0<\/strong><strong>FDP-Hamburg:<\/strong><\/p>\n<p>\u201eSenator Rabe liegt in der Analyse richtig, ihm fehlt aber der Mut f\u00fcr die\u00a0Notwendigen Konsequenzen. Angebote sind sch\u00f6n und gut, sie erreichen aber gerade\u00a0die Eltern nicht, die Hilfe ben\u00f6tigen. Die Vorstellungsverfahren der\u00a0Viereinhalbj\u00e4hrigen m\u00fcssen verpflichtend werden. Wenn F\u00f6rderbedarf besteht,\u00a0muss eine Vorschulpflicht greifen, die die Kinder individuell f\u00f6rdert und f\u00fcr\u00a0die Grundschule vorbereitet. Kinder aus Familien mit gr\u00f6\u00dferen Herausforderungen\u00a0d\u00fcrfen nicht l\u00e4nger im Stich gelassen werden. Au\u00dferdem werden Grundschulen entlastet, wenn diese bei der Einschulung mit einem bestimmten Bildungsniveau der Kinder rechnen k\u00f6nnen.\u201c<\/p>\n<\/div>\n","protected":false},"excerpt":{"rendered":"<p>Ties Rabe, Hamburger Senator f\u00fcr Schule und Berufsbildung, hat sich im Interview\u00a0mit der Hamburger Morgenpost vom 9. September 2023 gegen eine Kita-Pflicht\u00a0ausgesprochen. Dazu Ria Schr\u00f6der, MdB, stellvertretende Landesvorsitzende der\u00a0FDP-Hamburg: \u201eSenator [&#8230;]<\/p>\n","protected":false},"author":1,"featured_media":3641,"comment_status":"open","ping_status":"closed","sticky":false,"template":"","format":"standard","meta":{"footnotes":""},"categories":[34],"tags":[1387,1279,3845],"class_list":["post-13324","post","type-post","status-publish","format-standard","has-post-thumbnail","hentry","category-bildung","tag-fdp-hamburg","tag-ria-schroeder","tag-vorschulpflicht"],"_links":{"self":[{"href":"https:\/\/fdp-aktiv.de\/blog\/wp-json\/wp\/v2\/posts\/13324","targetHints":{"allow":["GET"]}}],"collection":[{"href":"https:\/\/fdp-aktiv.de\/blog\/wp-json\/wp\/v2\/posts"}],"about":[{"href":"https:\/\/fdp-aktiv.de\/blog\/wp-json\/wp\/v2\/types\/post"}],"author":[{"embeddable":true,"href":"https:\/\/fdp-aktiv.de\/blog\/wp-json\/wp\/v2\/users\/1"}],"replies":[{"embeddable":true,"href":"https:\/\/fdp-aktiv.de\/blog\/wp-json\/wp\/v2\/comments?post=13324"}],"version-history":[{"count":1,"href":"https:\/\/fdp-aktiv.de\/blog\/wp-json\/wp\/v2\/posts\/13324\/revisions"}],"predecessor-version":[{"id":13328,"href":"https:\/\/fdp-aktiv.de\/blog\/wp-json\/wp\/v2\/posts\/13324\/revisions\/13328"}],"wp:featuredmedia":[{"embeddable":true,"href":"https:\/\/fdp-aktiv.de\/blog\/wp-json\/wp\/v2\/media\/3641"}],"wp:attachment":[{"href":"https:\/\/fdp-aktiv.de\/blog\/wp-json\/wp\/v2\/media?parent=13324"}],"wp:term":[{"taxonomy":"category","embeddable":true,"href":"https:\/\/fdp-aktiv.de\/blog\/wp-json\/wp\/v2\/categories?post=13324"},{"taxonomy":"post_tag","embeddable":true,"href":"https:\/\/fdp-aktiv.de\/blog\/wp-json\/wp\/v2\/tags?post=13324"}],"curies":[{"name":"wp","href":"https:\/\/api.w.org\/{rel}","templated":true}]}}