{"id":13325,"date":"2023-09-14T17:02:38","date_gmt":"2023-09-14T15:02:38","guid":{"rendered":"https:\/\/fdp-aktiv.de\/blog\/?p=13325"},"modified":"2023-09-14T17:02:38","modified_gmt":"2023-09-14T15:02:38","slug":"ramelows-verweigerungshaltung-ist-eine-gefahr-fuer-die-thueringer-wirtschaft","status":"publish","type":"post","link":"https:\/\/fdp-aktiv.de\/blog\/2023\/09\/14\/ramelows-verweigerungshaltung-ist-eine-gefahr-fuer-die-thueringer-wirtschaft\/","title":{"rendered":"Ramelows Verweigerungshaltung ist eine Gefahr f\u00fcr die Th\u00fcringer Wirtschaft"},"content":{"rendered":"<div class=\"clearfix text-formatted field field--name-body field--type-text-with-summary field--label-hidden field__item\">\n<p><strong>Aktuelle Stunde im Th\u00fcringer Landtag zur Wettbewerbsf\u00e4higkeit des Standorts<\/strong><\/p>\n<p>Welchen Beitrag leistet der Freistaat, um die Wettbewerbsf\u00e4higkeit des Standorts und somit Arbeitspl\u00e4tze sowie Wohlstand zu sichern? Unter dieser Fragestellung steht eine Aktuelle Stunde des Th\u00fcringer Landtags, die am Mittwoch auf Antrag der FDP stattfindet. Anlass ist die Ank\u00fcndigung des Ministerpr\u00e4sidenten, dem Wachstumschancengesetz im Bundesrat nicht zustimmen zu wollen.<\/p>\n<p>Dazu erkl\u00e4rt Thomas L. Kemmerich:<\/p>\n<p>\u201eWenn Bodo Ramelow etwas nicht passt, dann br\u00fcllt er. Wenn er etwas aus eigener Kraft f\u00fcr den Standort tun soll, dann taucht er ab. Die B\u00fcrokratie bordet \u00fcber, die Digitalisierung wird von R2G stiefm\u00fctterlich betrieben, der Ausbau der Infrastruktur l\u00e4sst zu w\u00fcnschen \u00fcbrig. Das vergr\u00e4mt mittelst\u00e4ndige Unternehmen, statt f\u00fcr weiteres Wachstum und neue Ansiedelungen zu sorgen. Der Mann, der angetreten ist, den Freistaat voranzubringen, erweist sich als eine Gefahr f\u00fcr die Th\u00fcringer Wirtschaft.\u201c<\/p>\n<\/div>\n","protected":false},"excerpt":{"rendered":"<p>Aktuelle Stunde im Th\u00fcringer Landtag zur Wettbewerbsf\u00e4higkeit des Standorts Welchen Beitrag leistet der Freistaat, um die Wettbewerbsf\u00e4higkeit des Standorts und somit Arbeitspl\u00e4tze sowie Wohlstand zu sichern? Unter dieser Fragestellung steht [&#8230;]<\/p>\n","protected":false},"author":1,"featured_media":1115,"comment_status":"open","ping_status":"closed","sticky":false,"template":"","format":"standard","meta":{"footnotes":""},"categories":[8],"tags":[669,271],"class_list":["post-13325","post","type-post","status-publish","format-standard","has-post-thumbnail","hentry","category-wirtschaft","tag-fdp-thueringen","tag-thomas-kemmerich"],"_links":{"self":[{"href":"https:\/\/fdp-aktiv.de\/blog\/wp-json\/wp\/v2\/posts\/13325","targetHints":{"allow":["GET"]}}],"collection":[{"href":"https:\/\/fdp-aktiv.de\/blog\/wp-json\/wp\/v2\/posts"}],"about":[{"href":"https:\/\/fdp-aktiv.de\/blog\/wp-json\/wp\/v2\/types\/post"}],"author":[{"embeddable":true,"href":"https:\/\/fdp-aktiv.de\/blog\/wp-json\/wp\/v2\/users\/1"}],"replies":[{"embeddable":true,"href":"https:\/\/fdp-aktiv.de\/blog\/wp-json\/wp\/v2\/comments?post=13325"}],"version-history":[{"count":1,"href":"https:\/\/fdp-aktiv.de\/blog\/wp-json\/wp\/v2\/posts\/13325\/revisions"}],"predecessor-version":[{"id":13329,"href":"https:\/\/fdp-aktiv.de\/blog\/wp-json\/wp\/v2\/posts\/13325\/revisions\/13329"}],"wp:featuredmedia":[{"embeddable":true,"href":"https:\/\/fdp-aktiv.de\/blog\/wp-json\/wp\/v2\/media\/1115"}],"wp:attachment":[{"href":"https:\/\/fdp-aktiv.de\/blog\/wp-json\/wp\/v2\/media?parent=13325"}],"wp:term":[{"taxonomy":"category","embeddable":true,"href":"https:\/\/fdp-aktiv.de\/blog\/wp-json\/wp\/v2\/categories?post=13325"},{"taxonomy":"post_tag","embeddable":true,"href":"https:\/\/fdp-aktiv.de\/blog\/wp-json\/wp\/v2\/tags?post=13325"}],"curies":[{"name":"wp","href":"https:\/\/api.w.org\/{rel}","templated":true}]}}