{"id":13353,"date":"2023-09-15T10:57:23","date_gmt":"2023-09-15T08:57:23","guid":{"rendered":"https:\/\/fdp-aktiv.de\/blog\/?p=13353"},"modified":"2023-09-15T10:57:23","modified_gmt":"2023-09-15T08:57:23","slug":"hamburg-kruse-buergermeister-verschleudert-hhla-fuer-n-appel-und-n-ei-und-verbaut-die-zukunft-des-hamburger-hafens","status":"publish","type":"post","link":"https:\/\/fdp-aktiv.de\/blog\/2023\/09\/15\/hamburg-kruse-buergermeister-verschleudert-hhla-fuer-n-appel-und-n-ei-und-verbaut-die-zukunft-des-hamburger-hafens\/","title":{"rendered":"Hamburg-Kruse: B\u00fcrgermeister verschleudert HHLA f\u00fcr &#8216;n Appel und &#8216;n Ei und verbaut die Zukunft des Hamburger Hafens"},"content":{"rendered":"<p>Anl\u00e4sslich der Ank\u00fcndigung zu einer strategischen Partnerschaft zwischen der Freien und Hansestadt Hamburg und der MSC zur F\u00fchrung der HHLA erkl\u00e4rt der hafenpolitische Berichterstatter der FDP-Bundestagsfraktion und Hamburger Bundestagsabgeordneter, Michael Kruse:<\/p>\n<p>\u201eDer rot-gr\u00fcne Senat ist angesichts der dahinsiechenden Entwicklung des Hamburger Hafens in R\u00fcckenlage. Die jahrelange hafenpolitische Tatenlosigkeit hat den B\u00fcrgermeister unter Druck gesetzt und l\u00e4sst ihn jetzt eine unausgegorene Konstruktion pr\u00e4sentieren. Die Beteiligung der MSC am Mutterkonzern der HHLA verunm\u00f6glicht die intensivere Anbindung weiterer Reedereien an den Standort und st\u00f6\u00dft ausgerechnet der Hamburger Reederei Hapag-Lloyd br\u00fcsk vor den Kopf. Gleichzeitig wird die HHLA durch diese Beteiligung nicht einmal auf ihren alten Wert zur\u00fcckgef\u00fchrt. Der B\u00fcrgermeister verschleudert die HHLA f\u00fcr \u2019n Appel und \u2019n Ei und verbaut dem Hafen gleichzeitig weitere Entwicklungsm\u00f6glichkeiten durch weitere reedergebundene Terminals. Ob durch diesen Deal tats\u00e4chlich eine Million Container mehr kommen, l\u00e4sst sich bezweifeln, weil andere Reedereien die negativen Auswirkungen dieses Schritts auf ihr Gesch\u00e4ft genau analysieren und dann handeln werden &#8211; und zwar bevor die zugesagten Mengen im Jahr 2031 auch tats\u00e4chlich kommen sollen. Die Hamburgerinnen und Hamburger kann nur noch ein h\u00f6heres Angebot einer anderen Reederei sch\u00fctzen. Der Senat m\u00fcsste darauf aus Haushaltsgr\u00fcnden entsprechend reagieren. Warum der B\u00fcrgermeister lieber den m\u00e4chtigsten Konkurrenten der teilst\u00e4dtischen Hapag-Lloyd tief in den Hafen integriert, wird wohl f\u00fcr immer sein Geheimnis bleiben.&#8221;<\/p>\n","protected":false},"excerpt":{"rendered":"<p>Anl\u00e4sslich der Ank\u00fcndigung zu einer strategischen Partnerschaft zwischen der Freien und Hansestadt Hamburg und der MSC zur F\u00fchrung der HHLA erkl\u00e4rt der hafenpolitische Berichterstatter der FDP-Bundestagsfraktion und Hamburger Bundestagsabgeordneter, Michael [&#8230;]<\/p>\n","protected":false},"author":1,"featured_media":3130,"comment_status":"open","ping_status":"closed","sticky":false,"template":"","format":"standard","meta":{"footnotes":""},"categories":[144,8],"tags":[1387,2779,1390],"class_list":["post-13353","post","type-post","status-publish","format-standard","has-post-thumbnail","hentry","category-verkehr-innenpolitik","category-wirtschaft","tag-fdp-hamburg","tag-hamburger-hafen","tag-michael-kruse"],"_links":{"self":[{"href":"https:\/\/fdp-aktiv.de\/blog\/wp-json\/wp\/v2\/posts\/13353","targetHints":{"allow":["GET"]}}],"collection":[{"href":"https:\/\/fdp-aktiv.de\/blog\/wp-json\/wp\/v2\/posts"}],"about":[{"href":"https:\/\/fdp-aktiv.de\/blog\/wp-json\/wp\/v2\/types\/post"}],"author":[{"embeddable":true,"href":"https:\/\/fdp-aktiv.de\/blog\/wp-json\/wp\/v2\/users\/1"}],"replies":[{"embeddable":true,"href":"https:\/\/fdp-aktiv.de\/blog\/wp-json\/wp\/v2\/comments?post=13353"}],"version-history":[{"count":1,"href":"https:\/\/fdp-aktiv.de\/blog\/wp-json\/wp\/v2\/posts\/13353\/revisions"}],"predecessor-version":[{"id":13356,"href":"https:\/\/fdp-aktiv.de\/blog\/wp-json\/wp\/v2\/posts\/13353\/revisions\/13356"}],"wp:featuredmedia":[{"embeddable":true,"href":"https:\/\/fdp-aktiv.de\/blog\/wp-json\/wp\/v2\/media\/3130"}],"wp:attachment":[{"href":"https:\/\/fdp-aktiv.de\/blog\/wp-json\/wp\/v2\/media?parent=13353"}],"wp:term":[{"taxonomy":"category","embeddable":true,"href":"https:\/\/fdp-aktiv.de\/blog\/wp-json\/wp\/v2\/categories?post=13353"},{"taxonomy":"post_tag","embeddable":true,"href":"https:\/\/fdp-aktiv.de\/blog\/wp-json\/wp\/v2\/tags?post=13353"}],"curies":[{"name":"wp","href":"https:\/\/api.w.org\/{rel}","templated":true}]}}