{"id":13358,"date":"2023-09-16T07:20:02","date_gmt":"2023-09-16T05:20:02","guid":{"rendered":"https:\/\/fdp-aktiv.de\/blog\/?p=13358"},"modified":"2024-06-20T23:20:41","modified_gmt":"2024-06-20T21:20:41","slug":"hamburg-fdp-jacobsen-fuenf-jahre-unsinn-haben-endlich-ein-ende","status":"publish","type":"post","link":"https:\/\/fdp-aktiv.de\/blog\/2023\/09\/16\/hamburg-fdp-jacobsen-fuenf-jahre-unsinn-haben-endlich-ein-ende\/","title":{"rendered":"Hamburg FDP \u2013 Jacobsen: F\u00fcnf Jahre Unsinn haben endlich ein Ende"},"content":{"rendered":"<div class=\"clearfix text-formatted field field--name-body field--type-text-with-summary field--label-hidden field__item\">\n<p><strong>Die FDP-Landesvorsitzende Sonja Jacobsen zum Ende der Diesel-Fahrverbote in Altona:<\/strong><\/p>\n<p>\u201eHeute ist ein guter Tag f\u00fcr die Mobilit\u00e4t in Hamburg. F\u00fcnf Jahre unverh\u00e4ltnism\u00e4\u00dfiger und \u00f6kologisch fragw\u00fcrdiger Schein-Ma\u00dfnahmen haben endlich ein Ende. Leider hat es der Luftqualit\u00e4t nichts gen\u00fctzt, dass Diesel-Fahrzeuge nicht mehr durch die Max-Brauer-Allee und die Stresemannstra\u00dfe fahren, sondern eine Stra\u00dfe weiter. \u00a0Darauf haben nicht nur wir seit Jahren hingewiesen, aber der Gr\u00fcne Jens Kerstan ist nicht f\u00fcr seine Sach-, sondern f\u00fcr seine Machtpolitik ber\u00fchmt.<\/p>\n<p>Nach dem Abschrauben der Schilder hat Rot-Gr\u00fcn jetzt endlich Zeit, sich um die Fragen zu k\u00fcmmern, die tats\u00e4chlich der Luftqualit\u00e4t in der ganzen Stadt n\u00fctzen, statt einzelne Stra\u00dfen zu \u00fcberwachen. Dazu geh\u00f6rt beispielsweise der Ausbau des Stromnetzes, das nicht ann\u00e4hernd genug Kapazit\u00e4t f\u00fcr Elektromobilit\u00e4t hat.\u201c<\/p>\n<\/div>\n","protected":false},"excerpt":{"rendered":"<p>Die FDP-Landesvorsitzende Sonja Jacobsen zum Ende der Diesel-Fahrverbote in Altona: \u201eHeute ist ein guter Tag f\u00fcr die Mobilit\u00e4t in Hamburg. F\u00fcnf Jahre unverh\u00e4ltnism\u00e4\u00dfiger und \u00f6kologisch fragw\u00fcrdiger Schein-Ma\u00dfnahmen haben endlich ein [&#8230;]<\/p>\n","protected":false},"author":1,"featured_media":5644,"comment_status":"open","ping_status":"closed","sticky":false,"template":"","format":"standard","meta":{"footnotes":""},"categories":[144],"tags":[1387,995,2369],"class_list":["post-13358","post","type-post","status-publish","format-standard","has-post-thumbnail","hentry","category-verkehr-innenpolitik","tag-fdp-hamburg","tag-mobilitaet","tag-sonja-jacobsen"],"_links":{"self":[{"href":"https:\/\/fdp-aktiv.de\/blog\/wp-json\/wp\/v2\/posts\/13358","targetHints":{"allow":["GET"]}}],"collection":[{"href":"https:\/\/fdp-aktiv.de\/blog\/wp-json\/wp\/v2\/posts"}],"about":[{"href":"https:\/\/fdp-aktiv.de\/blog\/wp-json\/wp\/v2\/types\/post"}],"author":[{"embeddable":true,"href":"https:\/\/fdp-aktiv.de\/blog\/wp-json\/wp\/v2\/users\/1"}],"replies":[{"embeddable":true,"href":"https:\/\/fdp-aktiv.de\/blog\/wp-json\/wp\/v2\/comments?post=13358"}],"version-history":[{"count":1,"href":"https:\/\/fdp-aktiv.de\/blog\/wp-json\/wp\/v2\/posts\/13358\/revisions"}],"predecessor-version":[{"id":13367,"href":"https:\/\/fdp-aktiv.de\/blog\/wp-json\/wp\/v2\/posts\/13358\/revisions\/13367"}],"wp:featuredmedia":[{"embeddable":true,"href":"https:\/\/fdp-aktiv.de\/blog\/wp-json\/wp\/v2\/media\/5644"}],"wp:attachment":[{"href":"https:\/\/fdp-aktiv.de\/blog\/wp-json\/wp\/v2\/media?parent=13358"}],"wp:term":[{"taxonomy":"category","embeddable":true,"href":"https:\/\/fdp-aktiv.de\/blog\/wp-json\/wp\/v2\/categories?post=13358"},{"taxonomy":"post_tag","embeddable":true,"href":"https:\/\/fdp-aktiv.de\/blog\/wp-json\/wp\/v2\/tags?post=13358"}],"curies":[{"name":"wp","href":"https:\/\/api.w.org\/{rel}","templated":true}]}}