{"id":13371,"date":"2023-09-16T07:27:40","date_gmt":"2023-09-16T05:27:40","guid":{"rendered":"https:\/\/fdp-aktiv.de\/blog\/?p=13371"},"modified":"2023-09-16T07:27:40","modified_gmt":"2023-09-16T05:27:40","slug":"berlin-lars-f-lindemann-mdb-generalsekretaer-der-fdp-berlin-zu-medienberichten-ueber-die-nicht-ausreichende-personelle-ausstattung-der-landeswahlleitung-sowie-der-bezirkswahlleitungen","status":"publish","type":"post","link":"https:\/\/fdp-aktiv.de\/blog\/2023\/09\/16\/berlin-lars-f-lindemann-mdb-generalsekretaer-der-fdp-berlin-zu-medienberichten-ueber-die-nicht-ausreichende-personelle-ausstattung-der-landeswahlleitung-sowie-der-bezirkswahlleitungen\/","title":{"rendered":"BERLIN. Lars F. Lindemann MdB, Generalsekret\u00e4r der FDP Berlin, zu Medienberichten \u00fcber die nicht ausreichende personelle Ausstattung der Landeswahlleitung sowie der Bezirkswahlleitungen:"},"content":{"rendered":"<p>\u201eEs ist vollkommen wahnsinnig, dass der Berliner Senat keinen neuen permanenten Stellen f\u00fcr k\u00fcnftige Wahlen schaffen m\u00f6chte. Eine Berliner Verwaltung mit \u00fcber 120.000 Stellen &#8211; und es fehlen 36 f\u00fcr die Organisation eines reibungslosen Wahlablaufs. Hier hat Schwarz-Rot sofort f\u00fcr Abhilfe zu sorgen. Alle Warnlampen leuchten auf Rot und der Berliner Senat bleibt tatenlos. Das ist verantwortungslos und w\u00fcrde die Berliner Bezirke vor un\u00fcberwindbare H\u00fcrden stellen, was am Ende die Stadt wieder in ein Wahlchaos st\u00fcrzen w\u00fcrde. Der Regierende B\u00fcrgermeister hat unverz\u00fcglich daf\u00fcr zu sorgen, das Problem zu l\u00f6sen &#8211; ein Herumlamentieren ist ganz sicher nicht \u201adas Beste f\u00fcr Berlin\u2018.\u201c<\/p>\n","protected":false},"excerpt":{"rendered":"<p>\u201eEs ist vollkommen wahnsinnig, dass der Berliner Senat keinen neuen permanenten Stellen f\u00fcr k\u00fcnftige Wahlen schaffen m\u00f6chte. Eine Berliner Verwaltung mit \u00fcber 120.000 Stellen &#8211; und es fehlen 36 f\u00fcr [&#8230;]<\/p>\n","protected":false},"author":1,"featured_media":10345,"comment_status":"open","ping_status":"closed","sticky":false,"template":"","format":"standard","meta":{"footnotes":""},"categories":[6],"tags":[706,3242],"class_list":["post-13371","post","type-post","status-publish","format-standard","has-post-thumbnail","hentry","category-politik","tag-fdp-berlin","tag-lars-lindemann"],"_links":{"self":[{"href":"https:\/\/fdp-aktiv.de\/blog\/wp-json\/wp\/v2\/posts\/13371","targetHints":{"allow":["GET"]}}],"collection":[{"href":"https:\/\/fdp-aktiv.de\/blog\/wp-json\/wp\/v2\/posts"}],"about":[{"href":"https:\/\/fdp-aktiv.de\/blog\/wp-json\/wp\/v2\/types\/post"}],"author":[{"embeddable":true,"href":"https:\/\/fdp-aktiv.de\/blog\/wp-json\/wp\/v2\/users\/1"}],"replies":[{"embeddable":true,"href":"https:\/\/fdp-aktiv.de\/blog\/wp-json\/wp\/v2\/comments?post=13371"}],"version-history":[{"count":1,"href":"https:\/\/fdp-aktiv.de\/blog\/wp-json\/wp\/v2\/posts\/13371\/revisions"}],"predecessor-version":[{"id":13374,"href":"https:\/\/fdp-aktiv.de\/blog\/wp-json\/wp\/v2\/posts\/13371\/revisions\/13374"}],"wp:featuredmedia":[{"embeddable":true,"href":"https:\/\/fdp-aktiv.de\/blog\/wp-json\/wp\/v2\/media\/10345"}],"wp:attachment":[{"href":"https:\/\/fdp-aktiv.de\/blog\/wp-json\/wp\/v2\/media?parent=13371"}],"wp:term":[{"taxonomy":"category","embeddable":true,"href":"https:\/\/fdp-aktiv.de\/blog\/wp-json\/wp\/v2\/categories?post=13371"},{"taxonomy":"post_tag","embeddable":true,"href":"https:\/\/fdp-aktiv.de\/blog\/wp-json\/wp\/v2\/tags?post=13371"}],"curies":[{"name":"wp","href":"https:\/\/api.w.org\/{rel}","templated":true}]}}