{"id":13380,"date":"2023-09-16T07:41:52","date_gmt":"2023-09-16T05:41:52","guid":{"rendered":"https:\/\/fdp-aktiv.de\/blog\/?p=13380"},"modified":"2023-09-16T07:42:22","modified_gmt":"2023-09-16T05:42:22","slug":"julis-saarpfalz-begruessen-geplanten-bau-der-wasserstofftankstelle-in-homburg","status":"publish","type":"post","link":"https:\/\/fdp-aktiv.de\/blog\/2023\/09\/16\/julis-saarpfalz-begruessen-geplanten-bau-der-wasserstofftankstelle-in-homburg\/","title":{"rendered":"JuLis Saarpfalz begr\u00fc\u00dfen geplanten Bau der Wasserstofftankstelle in Homburg"},"content":{"rendered":"<p><span id=\"page94R_mcid4\" class=\"markedContent\"><span dir=\"ltr\" role=\"presentation\">Die Jungen Liberalen Saarpfalz \u00e4u\u00dfern sich positiv zur geplanten Errichtung einer <\/span><span dir=\"ltr\" role=\"presentation\">Wasserstofftankstelle in Homburg. Wie aus einem Bericht vom Saarl\u00e4ndischen <\/span><span dir=\"ltr\" role=\"presentation\">Rundfunk<\/span> <span dir=\"ltr\" role=\"presentation\">vom<\/span> <span dir=\"ltr\" role=\"presentation\">13.<\/span> <span dir=\"ltr\" role=\"presentation\">September<\/span> <span dir=\"ltr\" role=\"presentation\">2023<\/span> <span dir=\"ltr\" role=\"presentation\">hervorgeht,<\/span> <span dir=\"ltr\" role=\"presentation\">steht<\/span> <span dir=\"ltr\" role=\"presentation\">der<\/span> <span dir=\"ltr\" role=\"presentation\">Bau<\/span> <span dir=\"ltr\" role=\"presentation\">einer<\/span> <span dir=\"ltr\" role=\"presentation\">neuen <\/span><span dir=\"ltr\" role=\"presentation\">Wasserstofftankstelle<\/span> <span dir=\"ltr\" role=\"presentation\">in<\/span> <span dir=\"ltr\" role=\"presentation\">Homburg<\/span> <span dir=\"ltr\" role=\"presentation\">kurz<\/span> <span dir=\"ltr\" role=\"presentation\">bevor.<\/span> <span dir=\"ltr\" role=\"presentation\">Dieses<\/span> <span dir=\"ltr\" role=\"presentation\">Projekt<\/span> <span dir=\"ltr\" role=\"presentation\">soll<\/span> <span dir=\"ltr\" role=\"presentation\">einen <\/span><span dir=\"ltr\" role=\"presentation\">wesentlichen Beitrag zur St\u00e4rkung der Infrastruktur im Bereich erneuerbarer <\/span><\/span><span id=\"page94R_mcid4\" class=\"markedContent\"><span dir=\"ltr\" role=\"presentation\">Energien im Saarland leisten.<\/span><\/span><\/p>\n<p><span id=\"page94R_mcid5\" class=\"markedContent\"><\/span><span id=\"page94R_mcid6\" class=\"markedContent\"><br role=\"presentation\" \/><span dir=\"ltr\" role=\"presentation\">Julian Brenner, Kreisvorsitzender der Jungen Liberalen Saarpfalz, kommentiert: <\/span><span dir=\"ltr\" role=\"presentation\">&#8220;Wir sind sehr erfreut, dass Zukunftstechnologien wie Wasserstoff, die eine <\/span><span dir=\"ltr\" role=\"presentation\">Technologieoffenheit garantieren, in Homburg angesiedelt werden. Dies zeigt, <\/span><span dir=\"ltr\" role=\"presentation\">dass unsere Region nicht nur wirtschaftliches Potenzial besitzt, sondern auch<\/span><br role=\"presentation\" \/><span dir=\"ltr\" role=\"presentation\">innovativ und zukunftsorientiert denkt. Wasserstoff ist neben der E-Mobilit\u00e4t <\/span><span dir=\"ltr\" role=\"presentation\">eine wichtige S\u00e4ule f\u00fcr die notwendige Verkehrswende.&#8221;<\/span><\/span><\/p>\n<p><span id=\"page94R_mcid7\" class=\"markedContent\"><\/span><span id=\"page94R_mcid8\" class=\"markedContent\"><br role=\"presentation\" \/><span dir=\"ltr\" role=\"presentation\">Zudem unterst\u00fctzen die Jungen Liberalen Saarpfalz das Projekt der Autoregion, <\/span><span dir=\"ltr\" role=\"presentation\">eine Wasserstoffringleitung im Homburger Industriegebiet Ost zu schaffen. Dies<\/span><br role=\"presentation\" \/><span dir=\"ltr\" role=\"presentation\">k\u00f6nnte<\/span> <span dir=\"ltr\" role=\"presentation\">den<\/span> <span dir=\"ltr\" role=\"presentation\">Unternehmen<\/span> <span dir=\"ltr\" role=\"presentation\">in<\/span> <span dir=\"ltr\" role=\"presentation\">der<\/span> <span dir=\"ltr\" role=\"presentation\">Region<\/span> <span dir=\"ltr\" role=\"presentation\">erm\u00f6glichen,<\/span> <span dir=\"ltr\" role=\"presentation\">in<\/span> <span dir=\"ltr\" role=\"presentation\">einen<\/span> <span dir=\"ltr\" role=\"presentation\">eigenen <\/span><span dir=\"ltr\" role=\"presentation\">Versorgungskreislauf einzusteigen und so ihre nachhaltigen Bem\u00fchungen weiter<\/span><br role=\"presentation\" \/><span dir=\"ltr\" role=\"presentation\">voranzutreiben. <\/span><\/span><\/p>\n<p><span id=\"page94R_mcid10\" class=\"markedContent\"><span dir=\"ltr\" role=\"presentation\">Abschlie\u00dfend betont Brenner: &#8220;Initiativen wie diese sind ein Schritt in die richtige <\/span><span dir=\"ltr\" role=\"presentation\">Richtung. Sie zeigen, dass das Saarland, besonders der Saarpfalzkreis, eine<\/span><br role=\"presentation\" \/><span dir=\"ltr\" role=\"presentation\">Schl\u00fcsselrolle<\/span> <span dir=\"ltr\" role=\"presentation\">in<\/span> <span dir=\"ltr\" role=\"presentation\">der<\/span> <span dir=\"ltr\" role=\"presentation\">Wasserstofftechnologie<\/span> <span dir=\"ltr\" role=\"presentation\">in<\/span> <span dir=\"ltr\" role=\"presentation\">Deutschland<\/span> <span dir=\"ltr\" role=\"presentation\">spielen<\/span> <span dir=\"ltr\" role=\"presentation\">kann. <\/span><span dir=\"ltr\" role=\"presentation\">Man sollte dabei nicht vergessen, dass diese Projekte erst ein Schritt in die <\/span><span dir=\"ltr\" role=\"presentation\">richtige Richtung sind. Es braucht weitere Initiativen und den politischen Willen.&#8221;<\/span><\/span><\/p>\n","protected":false},"excerpt":{"rendered":"<p>Die Jungen Liberalen Saarpfalz \u00e4u\u00dfern sich positiv zur geplanten Errichtung einer Wasserstofftankstelle in Homburg. Wie aus einem Bericht vom Saarl\u00e4ndischen Rundfunk vom 13. September 2023 hervorgeht, steht der Bau einer [&#8230;]<\/p>\n","protected":false},"author":1,"featured_media":11622,"comment_status":"open","ping_status":"closed","sticky":false,"template":"","format":"standard","meta":{"footnotes":""},"categories":[144],"tags":[2484,3507],"class_list":["post-13380","post","type-post","status-publish","format-standard","has-post-thumbnail","hentry","category-verkehr-innenpolitik","tag-fdp-julis","tag-julian-brenner"],"_links":{"self":[{"href":"https:\/\/fdp-aktiv.de\/blog\/wp-json\/wp\/v2\/posts\/13380","targetHints":{"allow":["GET"]}}],"collection":[{"href":"https:\/\/fdp-aktiv.de\/blog\/wp-json\/wp\/v2\/posts"}],"about":[{"href":"https:\/\/fdp-aktiv.de\/blog\/wp-json\/wp\/v2\/types\/post"}],"author":[{"embeddable":true,"href":"https:\/\/fdp-aktiv.de\/blog\/wp-json\/wp\/v2\/users\/1"}],"replies":[{"embeddable":true,"href":"https:\/\/fdp-aktiv.de\/blog\/wp-json\/wp\/v2\/comments?post=13380"}],"version-history":[{"count":1,"href":"https:\/\/fdp-aktiv.de\/blog\/wp-json\/wp\/v2\/posts\/13380\/revisions"}],"predecessor-version":[{"id":13388,"href":"https:\/\/fdp-aktiv.de\/blog\/wp-json\/wp\/v2\/posts\/13380\/revisions\/13388"}],"wp:featuredmedia":[{"embeddable":true,"href":"https:\/\/fdp-aktiv.de\/blog\/wp-json\/wp\/v2\/media\/11622"}],"wp:attachment":[{"href":"https:\/\/fdp-aktiv.de\/blog\/wp-json\/wp\/v2\/media?parent=13380"}],"wp:term":[{"taxonomy":"category","embeddable":true,"href":"https:\/\/fdp-aktiv.de\/blog\/wp-json\/wp\/v2\/categories?post=13380"},{"taxonomy":"post_tag","embeddable":true,"href":"https:\/\/fdp-aktiv.de\/blog\/wp-json\/wp\/v2\/tags?post=13380"}],"curies":[{"name":"wp","href":"https:\/\/api.w.org\/{rel}","templated":true}]}}