{"id":13406,"date":"2023-09-20T10:30:03","date_gmt":"2023-09-20T08:30:03","guid":{"rendered":"https:\/\/fdp-aktiv.de\/blog\/?p=13406"},"modified":"2023-09-20T10:30:03","modified_gmt":"2023-09-20T08:30:03","slug":"baden-wuerttemberg-ruelke-unterstuetzen-cdu-vorstoss-in-migrationsfragen","status":"publish","type":"post","link":"https:\/\/fdp-aktiv.de\/blog\/2023\/09\/20\/baden-wuerttemberg-ruelke-unterstuetzen-cdu-vorstoss-in-migrationsfragen\/","title":{"rendered":"Baden-W\u00fcrttemberg &#8211; R\u00fclke: Unterst\u00fctzen CDU-Vorsto\u00df in Migrationsfragen"},"content":{"rendered":"<p>Kretschmann muss liefern, um glaubw\u00fcrdig zu bleiben<\/p>\n<p>&nbsp;<\/p>\n<p>Der Vorsitzende der FDP-Landtagsfraktion <strong>Hans-Ulrich R\u00fclke, <\/strong>unterst\u00fctzt die von der CDU-Landtagsfraktion geforderte Wende in der Migrationspolitik:<\/p>\n<p>&nbsp;<\/p>\n<p>\u201eWir begr\u00fc\u00dfen es au\u00dferordentlich, dass die CDU-Landtagsfraktion bei der Migrationspolitik auf ihren gr\u00fcnen Koalitionspartner einwirken will, um notwendige Versch\u00e4rfungen umzusetzen. Ministerpr\u00e4sident Kretschmann muss seinen Worten angesichts der j\u00fcngsten Ausschreitungen in Stuttgart nun Taten folgen lassen, um glaubw\u00fcrdig zu bleiben.<\/p>\n<p>&nbsp;<\/p>\n<p>Die Ausweitung der sicheren Herkunftsstaaten, die Einf\u00fchrung des Sachleistungsprinzips und den verst\u00e4rkten Schutz der europ\u00e4ischen Au\u00dfengrenzen sowie zur Schweiz fordern wir schon lange. Deshalb sichern wir der CDU unsere Unterst\u00fctzung zu, sollten entsprechende Initiativen in den Landtag eingebracht werden.<\/p>\n<p>&nbsp;<\/p>\n<p>\u00dcberdies setzen wir uns f\u00fcr die konsequente Abschiebung von Straft\u00e4tern, die Abkehr vom Rechtskreiswechsel f\u00fcr ukrainische Gefl\u00fcchtete und die zeitnahe Umsetzung des Gemeinsamen Europ\u00e4ischen Asylsystems ein\u201c, so R\u00fclke.<\/p>\n","protected":false},"excerpt":{"rendered":"<p>Kretschmann muss liefern, um glaubw\u00fcrdig zu bleiben &nbsp; Der Vorsitzende der FDP-Landtagsfraktion Hans-Ulrich R\u00fclke, unterst\u00fctzt die von der CDU-Landtagsfraktion geforderte Wende in der Migrationspolitik: &nbsp; \u201eWir begr\u00fc\u00dfen es au\u00dferordentlich, dass [&#8230;]<\/p>\n","protected":false},"author":1,"featured_media":1526,"comment_status":"open","ping_status":"closed","sticky":false,"template":"","format":"standard","meta":{"footnotes":""},"categories":[5],"tags":[842,650,693],"class_list":["post-13406","post","type-post","status-publish","format-standard","has-post-thumbnail","hentry","category-aussenpolitik","tag-dr-hans-ulrich-ruelke","tag-fdp-dvp","tag-migration"],"_links":{"self":[{"href":"https:\/\/fdp-aktiv.de\/blog\/wp-json\/wp\/v2\/posts\/13406","targetHints":{"allow":["GET"]}}],"collection":[{"href":"https:\/\/fdp-aktiv.de\/blog\/wp-json\/wp\/v2\/posts"}],"about":[{"href":"https:\/\/fdp-aktiv.de\/blog\/wp-json\/wp\/v2\/types\/post"}],"author":[{"embeddable":true,"href":"https:\/\/fdp-aktiv.de\/blog\/wp-json\/wp\/v2\/users\/1"}],"replies":[{"embeddable":true,"href":"https:\/\/fdp-aktiv.de\/blog\/wp-json\/wp\/v2\/comments?post=13406"}],"version-history":[{"count":1,"href":"https:\/\/fdp-aktiv.de\/blog\/wp-json\/wp\/v2\/posts\/13406\/revisions"}],"predecessor-version":[{"id":13407,"href":"https:\/\/fdp-aktiv.de\/blog\/wp-json\/wp\/v2\/posts\/13406\/revisions\/13407"}],"wp:featuredmedia":[{"embeddable":true,"href":"https:\/\/fdp-aktiv.de\/blog\/wp-json\/wp\/v2\/media\/1526"}],"wp:attachment":[{"href":"https:\/\/fdp-aktiv.de\/blog\/wp-json\/wp\/v2\/media?parent=13406"}],"wp:term":[{"taxonomy":"category","embeddable":true,"href":"https:\/\/fdp-aktiv.de\/blog\/wp-json\/wp\/v2\/categories?post=13406"},{"taxonomy":"post_tag","embeddable":true,"href":"https:\/\/fdp-aktiv.de\/blog\/wp-json\/wp\/v2\/tags?post=13406"}],"curies":[{"name":"wp","href":"https:\/\/api.w.org\/{rel}","templated":true}]}}