{"id":13478,"date":"2023-09-19T22:04:29","date_gmt":"2023-09-19T20:04:29","guid":{"rendered":"https:\/\/fdp-aktiv.de\/blog\/?p=13478"},"modified":"2023-09-22T22:06:37","modified_gmt":"2023-09-22T20:06:37","slug":"hessen-dr-naas-freie-demokraten-wollen-gute-infrastruktur-fuer-alle-verkehrstraeger","status":"publish","type":"post","link":"https:\/\/fdp-aktiv.de\/blog\/2023\/09\/19\/hessen-dr-naas-freie-demokraten-wollen-gute-infrastruktur-fuer-alle-verkehrstraeger\/","title":{"rendered":"Hessen &#8211; DR. NAAS: Freie Demokraten wollen gute Infrastruktur f\u00fcr alle Verkehrstr\u00e4ger"},"content":{"rendered":"<div class=\"clearfix text-formatted field field--name-body field--type-text-with-summary field--label-hidden field__item\">\n<p><strong>Der Hessische Landtag spricht heute in zweiter Lesung \u00fcber den SPD-Entwurf eines Verkehrswendegesetzes. Anl\u00e4sslich der Debatte erkl\u00e4rt der verkehrspolitische Sprecher der Freien Demokraten im Hessischen Landtag, Dr. Stefan NAAS:<\/strong><\/p>\n<p>\u201eEgal, ob man in Hessen Autofahrer ist oder Radfahrer, \u00d6PNV-Nutzer oder alles gleichzeitig: In Hessen hat wirklich jeder gute Gr\u00fcnde, mit der Verkehrspolitik unzufrieden zu sein. Wir Freie Demokraten wollen mehr Mobilit\u00e4t, und deswegen wollen wir weder den Verkehrsmix Hessens bis ins Jahr 2030 prozentgenau planen, noch wollen wir den Autoverkehr beschr\u00e4nken.\u00a0Wir als FDP wollen gute Infrastruktur f\u00fcr alle Verkehrstr\u00e4ger. Schiene, Stra\u00dfe, Radweg, Landstra\u00dfe, Flughafen und nat\u00fcrlich auch die Autobahn. Damit ist den Menschen am meisten geholfen, denn der Radfahrer hat ja nichts davon, wenn weniger Autos auf der Autobahn fahren. Er h\u00e4tte etwas davon, wenn es mal eine einzige Radschnellverbindung in Hessen geben w\u00fcrde.\u201c<\/p>\n<\/div>\n","protected":false},"excerpt":{"rendered":"<p>Der Hessische Landtag spricht heute in zweiter Lesung \u00fcber den SPD-Entwurf eines Verkehrswendegesetzes. Anl\u00e4sslich der Debatte erkl\u00e4rt der verkehrspolitische Sprecher der Freien Demokraten im Hessischen Landtag, Dr. Stefan NAAS: \u201eEgal, [&#8230;]<\/p>\n","protected":false},"author":1,"featured_media":11567,"comment_status":"open","ping_status":"closed","sticky":false,"template":"","format":"standard","meta":{"footnotes":""},"categories":[144],"tags":[1302,635,2854],"class_list":["post-13478","post","type-post","status-publish","format-standard","has-post-thumbnail","hentry","category-verkehr-innenpolitik","tag-dr-stefan-naas","tag-fdp-hessen","tag-verkehrsinfrastruktur"],"_links":{"self":[{"href":"https:\/\/fdp-aktiv.de\/blog\/wp-json\/wp\/v2\/posts\/13478","targetHints":{"allow":["GET"]}}],"collection":[{"href":"https:\/\/fdp-aktiv.de\/blog\/wp-json\/wp\/v2\/posts"}],"about":[{"href":"https:\/\/fdp-aktiv.de\/blog\/wp-json\/wp\/v2\/types\/post"}],"author":[{"embeddable":true,"href":"https:\/\/fdp-aktiv.de\/blog\/wp-json\/wp\/v2\/users\/1"}],"replies":[{"embeddable":true,"href":"https:\/\/fdp-aktiv.de\/blog\/wp-json\/wp\/v2\/comments?post=13478"}],"version-history":[{"count":1,"href":"https:\/\/fdp-aktiv.de\/blog\/wp-json\/wp\/v2\/posts\/13478\/revisions"}],"predecessor-version":[{"id":13485,"href":"https:\/\/fdp-aktiv.de\/blog\/wp-json\/wp\/v2\/posts\/13478\/revisions\/13485"}],"wp:featuredmedia":[{"embeddable":true,"href":"https:\/\/fdp-aktiv.de\/blog\/wp-json\/wp\/v2\/media\/11567"}],"wp:attachment":[{"href":"https:\/\/fdp-aktiv.de\/blog\/wp-json\/wp\/v2\/media?parent=13478"}],"wp:term":[{"taxonomy":"category","embeddable":true,"href":"https:\/\/fdp-aktiv.de\/blog\/wp-json\/wp\/v2\/categories?post=13478"},{"taxonomy":"post_tag","embeddable":true,"href":"https:\/\/fdp-aktiv.de\/blog\/wp-json\/wp\/v2\/tags?post=13478"}],"curies":[{"name":"wp","href":"https:\/\/api.w.org\/{rel}","templated":true}]}}