{"id":13504,"date":"2023-09-25T12:41:29","date_gmt":"2023-09-25T10:41:29","guid":{"rendered":"https:\/\/fdp-aktiv.de\/blog\/?p=13504"},"modified":"2023-09-25T12:41:29","modified_gmt":"2023-09-25T10:41:29","slug":"braun-brandenburg-braucht-eine-konsequente-rueckfuehrungsoffensive","status":"publish","type":"post","link":"https:\/\/fdp-aktiv.de\/blog\/2023\/09\/25\/braun-brandenburg-braucht-eine-konsequente-rueckfuehrungsoffensive\/","title":{"rendered":"Braun: Brandenburg braucht eine konsequente R\u00fcckf\u00fchrungsoffensive"},"content":{"rendered":"<p class=\"p1\"><span class=\"s1\">Der Landesvorsitzende der FDP Brandenburg, Zyon Braun, forderte Ministerpr\u00e4sident Woidke auf, die chaotische Kommunikation seiner Koalition bei der Bew\u00e4ltigung irregul\u00e4rer Migration durch die Nutzung der Richtlinienkompetenz aufzul\u00f6sen. Konflikte sollen nicht weiter ausgesessen werden, da Probleme ansonsten unbeherrschbar werden k\u00f6nnten.\u00a0<\/span><\/p>\n<p class=\"p1\"><span class=\"s1\">\u201eW\u00e4hrend Innenminister St\u00fcbgen das individuelle Recht auf Asyl abschaffen will, bestreiten B\u00dcNDNIS 90\/DIE GR\u00dcNEN, dass es bei irregul\u00e4rer Migration eine Problem g\u00e4be. Ministerpr\u00e4sident Woidke muss das Chaos in der Koalition aufl\u00f6sen und von der Richtlinienkompetenz Gebrauch machen. Bei der Ausweitung sicherer Herkunftsstaaten kommt es im Bundesrat auch auf Brandenburg an. Die Landesregierung darf bei der Einstufung von Marokko, Tunesien und Algerien nicht weiter als unzuverl\u00e4ssig gelten.\u201c<\/span><\/p>\n<p class=\"p1\"><span class=\"s1\">Die Landesregierung m\u00fcsse die eigenen Aufgaben endlich beherzt anpacken, statt nur markige Spr\u00fcche in Richtung Bundesregierung zu senden. Braun forderte eine konsequente R\u00fcckf\u00fchrungsoffensive und die Errichtung eigener Abschiebehaftpl\u00e4tze.\u00a0<\/span><\/p>\n<p class=\"p1\"><span class=\"s1\">\u201eBrandenburg braucht eine konsequente R\u00fcckf\u00fchrungsoffensive, um die hohe Zahl der mehreren Tausend vollziehbar ausreisepflichtigen Fl\u00fcchtlinge in der Metropolregion zu reduzieren. Berlin und Brandenburg haben hier bei der Durchsetzungsf\u00e4higkeit des Rechtsstaates erheblichen Nachholbedarf. Um R\u00fcckf\u00fchrungen, insbesondere von Gef\u00e4hrdern, sicherzustellen, muss die Landesregierung eigene Abschiebehaftpl\u00e4tze einrichten. Die Diskussion um das Ein- und Ausreisezentrum am Flughafen BER hat zu viel Zeit gekostet.\u201c\u00a0<\/span><\/p>\n<p class=\"p1\"><span class=\"s1\">Dar\u00fcber hinaus m\u00fcsse die Landesregierung weitere Ma\u00dfnahmen pr\u00fcfen, um irregul\u00e4re Migration zu reduzieren.\u00a0<\/span><\/p>\n<p class=\"p1\"><span class=\"s1\">\u201eNeben R\u00fcckf\u00fchrungen ist es wichtig, dass wir die irregul\u00e4ren Migration reduzieren. Das k\u00f6nnen wir etwa dadurch erreichen, dass Asylbewerber statt finanziellen Mittel Sachleistungen zur Verf\u00fcgung gestellt bekommen. Tempor\u00e4r intensivierte Grenzkontrollen d\u00fcrfen hingegen nur als letztes Mittel eingesetzt werden. Der Schengenraum ist eine historische Errungenschaft Europas, den wir nicht leichtfertig aufs Spiel setzen sollten. Die Grenzsicherung muss an den EU-Au\u00dfengrenzen erfolgen\u201c, so Braun.<\/span><\/p>\n","protected":false},"excerpt":{"rendered":"<p>Der Landesvorsitzende der FDP Brandenburg, Zyon Braun, forderte Ministerpr\u00e4sident Woidke auf, die chaotische Kommunikation seiner Koalition bei der Bew\u00e4ltigung irregul\u00e4rer Migration durch die Nutzung der Richtlinienkompetenz aufzul\u00f6sen. Konflikte sollen nicht [&#8230;]<\/p>\n","protected":false},"author":1,"featured_media":11458,"comment_status":"open","ping_status":"closed","sticky":false,"template":"","format":"standard","meta":{"footnotes":""},"categories":[5],"tags":[2135,3469,2134],"class_list":["post-13504","post","type-post","status-publish","format-standard","has-post-thumbnail","hentry","category-aussenpolitik","tag-fdp-brandenburg","tag-rueckfuehrungen","tag-zyon-braun"],"_links":{"self":[{"href":"https:\/\/fdp-aktiv.de\/blog\/wp-json\/wp\/v2\/posts\/13504","targetHints":{"allow":["GET"]}}],"collection":[{"href":"https:\/\/fdp-aktiv.de\/blog\/wp-json\/wp\/v2\/posts"}],"about":[{"href":"https:\/\/fdp-aktiv.de\/blog\/wp-json\/wp\/v2\/types\/post"}],"author":[{"embeddable":true,"href":"https:\/\/fdp-aktiv.de\/blog\/wp-json\/wp\/v2\/users\/1"}],"replies":[{"embeddable":true,"href":"https:\/\/fdp-aktiv.de\/blog\/wp-json\/wp\/v2\/comments?post=13504"}],"version-history":[{"count":1,"href":"https:\/\/fdp-aktiv.de\/blog\/wp-json\/wp\/v2\/posts\/13504\/revisions"}],"predecessor-version":[{"id":13507,"href":"https:\/\/fdp-aktiv.de\/blog\/wp-json\/wp\/v2\/posts\/13504\/revisions\/13507"}],"wp:featuredmedia":[{"embeddable":true,"href":"https:\/\/fdp-aktiv.de\/blog\/wp-json\/wp\/v2\/media\/11458"}],"wp:attachment":[{"href":"https:\/\/fdp-aktiv.de\/blog\/wp-json\/wp\/v2\/media?parent=13504"}],"wp:term":[{"taxonomy":"category","embeddable":true,"href":"https:\/\/fdp-aktiv.de\/blog\/wp-json\/wp\/v2\/categories?post=13504"},{"taxonomy":"post_tag","embeddable":true,"href":"https:\/\/fdp-aktiv.de\/blog\/wp-json\/wp\/v2\/tags?post=13504"}],"curies":[{"name":"wp","href":"https:\/\/api.w.org\/{rel}","templated":true}]}}