{"id":13517,"date":"2023-09-26T05:53:48","date_gmt":"2023-09-26T03:53:48","guid":{"rendered":"https:\/\/fdp-aktiv.de\/blog\/?p=13517"},"modified":"2023-09-26T05:53:48","modified_gmt":"2023-09-26T03:53:48","slug":"saarland-mucker-bildungsministerium-muss-bei-fachkraeftemangel-augen-oeffnen","status":"publish","type":"post","link":"https:\/\/fdp-aktiv.de\/blog\/2023\/09\/26\/saarland-mucker-bildungsministerium-muss-bei-fachkraeftemangel-augen-oeffnen\/","title":{"rendered":"Saarland &#8211; Mucker: Bildungsministerium muss bei Fachkr\u00e4ftemangel Augen \u00f6ffnen"},"content":{"rendered":"<p>Um den ab 2026 geltenden Rechtsanspruch auf Ganztagsbetreuung zu gew\u00e4hrleisten, fehlen 145 p\u00e4dagogische Fachkr\u00e4fte. Ohne diese k\u00f6nnen fast 6.000 Ganztagspl\u00e4tze zu wenig angeboten werden. Die FDP Saar fordert f\u00fcr die Gewinnung von Fachkr\u00e4ften ein Sofortprogramm der Landesregierung.<\/p>\n<p>\u201eDas Ministerium beruft sich als L\u00f6sung f\u00fcr die fehlenden Ganztagspl\u00e4tze auf die neu eingef\u00fchrte \u201aBerufsfachschule f\u00fcr Ganztagsbetreuung\u2018. Diese ist ein richtiges Puzzleteil, deckt aber nur einen Bruchteil der in den n\u00e4chsten Jahren fehlenden Fachkr\u00e4fte im p\u00e4dagogischen Bereich. Das Ministerium muss hier die Augen \u00f6ffnen. Es muss aus unserer Sicht ein ganzheitliches Sofortprogramm, das die Vernetzung der p\u00e4dagogischen Bereiche ber\u00fccksichtigt, gestartet werden: Bei der Betreuung k\u00f6nnten Lehramtsreferendare f\u00fcr Grundschulen eingesetzt werden, die daf\u00fcr ein zweist\u00fcndiges Deputat erhalten. Auch Lehramtsstudierende aus den verschiedenen Schulformen k\u00f6nnten den Ganztag an Grundschulen betreuen. Diese h\u00e4tten dadurch einerseits ein zus\u00e4tzliches Einkommen und Einblicke in eine andere Schulform. Am Ende eines Halbjahrs sollten sie in einem Evaluationsgespr\u00e4ch mit der Schulleitung \u00fcberpr\u00fcfen, ob vielleicht auch die Grundschule als Zielschule f\u00fcr sie in Frage k\u00e4me. Durch die enge Begleitung und die Verzahnung erhalten die zuk\u00fcnftigen Lehrer eine andere Perspektive und gleichzeitig mehr Wertsch\u00e4tzung\u201c, so Generalsekret\u00e4r Marcel Mucker.<\/p>\n","protected":false},"excerpt":{"rendered":"<p>Um den ab 2026 geltenden Rechtsanspruch auf Ganztagsbetreuung zu gew\u00e4hrleisten, fehlen 145 p\u00e4dagogische Fachkr\u00e4fte. Ohne diese k\u00f6nnen fast 6.000 Ganztagspl\u00e4tze zu wenig angeboten werden. Die FDP Saar fordert f\u00fcr die [&#8230;]<\/p>\n","protected":false},"author":1,"featured_media":5272,"comment_status":"open","ping_status":"closed","sticky":false,"template":"","format":"standard","meta":{"footnotes":""},"categories":[34],"tags":[1810,708,1597],"class_list":["post-13517","post","type-post","status-publish","format-standard","has-post-thumbnail","hentry","category-bildung","tag-fachkraeftemangel","tag-fdp-saar","tag-marcel-mucker"],"_links":{"self":[{"href":"https:\/\/fdp-aktiv.de\/blog\/wp-json\/wp\/v2\/posts\/13517","targetHints":{"allow":["GET"]}}],"collection":[{"href":"https:\/\/fdp-aktiv.de\/blog\/wp-json\/wp\/v2\/posts"}],"about":[{"href":"https:\/\/fdp-aktiv.de\/blog\/wp-json\/wp\/v2\/types\/post"}],"author":[{"embeddable":true,"href":"https:\/\/fdp-aktiv.de\/blog\/wp-json\/wp\/v2\/users\/1"}],"replies":[{"embeddable":true,"href":"https:\/\/fdp-aktiv.de\/blog\/wp-json\/wp\/v2\/comments?post=13517"}],"version-history":[{"count":1,"href":"https:\/\/fdp-aktiv.de\/blog\/wp-json\/wp\/v2\/posts\/13517\/revisions"}],"predecessor-version":[{"id":13520,"href":"https:\/\/fdp-aktiv.de\/blog\/wp-json\/wp\/v2\/posts\/13517\/revisions\/13520"}],"wp:featuredmedia":[{"embeddable":true,"href":"https:\/\/fdp-aktiv.de\/blog\/wp-json\/wp\/v2\/media\/5272"}],"wp:attachment":[{"href":"https:\/\/fdp-aktiv.de\/blog\/wp-json\/wp\/v2\/media?parent=13517"}],"wp:term":[{"taxonomy":"category","embeddable":true,"href":"https:\/\/fdp-aktiv.de\/blog\/wp-json\/wp\/v2\/categories?post=13517"},{"taxonomy":"post_tag","embeddable":true,"href":"https:\/\/fdp-aktiv.de\/blog\/wp-json\/wp\/v2\/tags?post=13517"}],"curies":[{"name":"wp","href":"https:\/\/api.w.org\/{rel}","templated":true}]}}